{"id":508,"date":"2015-06-10T10:37:55","date_gmt":"2015-06-10T09:37:55","guid":{"rendered":"http:\/\/www.kathtreff.org\/blog\/?p=508"},"modified":"2016-01-12T12:39:50","modified_gmt":"2016-01-12T11:39:50","slug":"kathtreff-geburtstagsaktion","status":"publish","type":"post","link":"https:\/\/www.kathtreff.org\/blog\/kathtreff-geburtstagsaktion\/","title":{"rendered":"10 Jahre kathTreff"},"content":{"rendered":"<p>Ein Paar, das sich auf kathTreff gefunden hat, r\u00e4t \u201eall jenen, die noch gefunden werden wollen und ihr Gl\u00fcck noch nicht gefunden haben\u201c: <strong>\u201eauf Gottes Plan und unendliche Gr\u00f6\u00dfe vertrauen UND never give up!\u201c<\/strong><\/p>\n<p>kathTreff unterst\u00fctzte diesen Vorsatz durch eine Geburtstagsaktion, in der Hoffnung, dass viele diese besondere Gelegenheit n\u00fctzen, und sich inspirieren lassen vom Austausch, Freunde finden &#8211; und hoffentlich auch einen Partner f\u00fcrs Leben, mit dem sie Glauben und Werte teilen k\u00f6nnen. Sind Sie noch nicht kathTreff-Mitglied? <a href=\"www.kathtreff.org\">Probieren Sie es aus &#8211; es tut nicht weh (im Gegenteil \ud83d\ude42<\/a><\/p>\n<p>Zum Jubil\u00e4um stellen wir 100 Paare vor, die sich auf kathTreff gefunden haben: <a href=\"https:\/\/www.kathtreff.org\/blog\/10-jahre-kathtreff\/\">https:\/\/www.kathtreff.org\/blog\/10-jahre-kathtreff\/<\/a><\/p>\n<p><a href=\"https:\/\/www.kathtreff.org\/ueber-kathtreff\/aktuelles\/veranstaltungsarchiv\/singletag-am-kongress-freude-am-glauben.html\" target=\"_blank\">Jubili\u00e4umsveranstaltung \u201e10 Jahre kathTreff\u201c von 31.7. bis 1.8. in Fulda, im Rahmen des Kongresses \u201eFreude am Glauben&#8220;! <\/a><\/p>\n","protected":false},"excerpt":{"rendered":"<p>Ein Paar, das sich auf kathTreff gefunden hat, r\u00e4t \u201eall jenen, die noch gefunden werden wollen und ihr Gl\u00fcck noch nicht gefunden haben\u201c: \u201eauf Gottes Plan und unendliche Gr\u00f6\u00dfe vertrauen UND never give up!\u201c kathTreff unterst\u00fctzte diesen Vorsatz durch eine Geburtstagsaktion, in der Hoffnung, dass viele diese besondere Gelegenheit n\u00fctzen, und sich inspirieren lassen vom [&hellip;]<\/p>\n","protected":false},"author":2,"featured_media":509,"comment_status":"open","ping_status":"open","sticky":false,"template":"","format":"standard","meta":{"_genesis_hide_title":false,"_genesis_hide_breadcrumbs":false,"_genesis_hide_singular_image":false,"_genesis_hide_footer_widgets":false,"_genesis_custom_body_class":"","_genesis_custom_post_class":"","_genesis_layout":"","footnotes":""},"categories":[5],"tags":[],"promotion":[],"class_list":{"0":"post-508","1":"post","2":"type-post","3":"status-publish","4":"format-standard","5":"has-post-thumbnail","7":"category-singleboerse","8":"entry"},"yoast_head":"<!-- This site is optimized with the Yoast SEO plugin v27.4 - https:\/\/yoast.com\/product\/yoast-seo-wordpress\/ -->\n<title>10 Jahre kathTreff - kathTreff Blog<\/title>\n<meta name=\"robots\" content=\"index, follow, max-snippet:-1, max-image-preview:large, max-video-preview:-1\" \/>\n<link rel=\"canonical\" href=\"https:\/\/www.kathtreff.org\/blog\/kathtreff-geburtstagsaktion\/\" \/>\n<meta name=\"twitter:label1\" content=\"Verfasst von\" \/>\n\t<meta name=\"twitter:data1\" content=\"Gudrun Kugler\" \/>\n\t<meta name=\"twitter:label2\" content=\"Gesch\u00e4tzte Lesezeit\" \/>\n\t<meta name=\"twitter:data2\" content=\"1\u00a0Minute\" \/>\n<script type=\"application\/ld+json\" class=\"yoast-schema-graph\">{\"@context\":\"https:\\\/\\\/schema.org\",\"@graph\":[{\"@type\":\"Article\",\"@id\":\"https:\\\/\\\/www.kathtreff.org\\\/blog\\\/kathtreff-geburtstagsaktion\\\/#article\",\"isPartOf\":{\"@id\":\"https:\\\/\\\/www.kathtreff.org\\\/blog\\\/kathtreff-geburtstagsaktion\\\/\"},\"author\":{\"name\":\"Gudrun Kugler\",\"@id\":\"https:\\\/\\\/www.kathtreff.org\\\/blog\\\/#\\\/schema\\\/person\\\/a9a9e850ffe37a58e9703ea081de5f33\"},\"headline\":\"10 Jahre kathTreff\",\"datePublished\":\"2015-06-10T09:37:55+00:00\",\"dateModified\":\"2016-01-12T11:39:50+00:00\",\"mainEntityOfPage\":{\"@id\":\"https:\\\/\\\/www.kathtreff.org\\\/blog\\\/kathtreff-geburtstagsaktion\\\/\"},\"wordCount\":134,\"commentCount\":0,\"image\":{\"@id\":\"https:\\\/\\\/www.kathtreff.org\\\/blog\\\/kathtreff-geburtstagsaktion\\\/#primaryimage\"},\"thumbnailUrl\":\"https:\\\/\\\/www.kathtreff.org\\\/blog\\\/wp-content\\\/uploads\\\/2015\\\/06\\\/10jahre-header.jpg\",\"articleSection\":[\"Singleb\u00f6rse\"],\"inLanguage\":\"de\",\"potentialAction\":[{\"@type\":\"CommentAction\",\"name\":\"Comment\",\"target\":[\"https:\\\/\\\/www.kathtreff.org\\\/blog\\\/kathtreff-geburtstagsaktion\\\/#respond\"]}]},{\"@type\":\"WebPage\",\"@id\":\"https:\\\/\\\/www.kathtreff.org\\\/blog\\\/kathtreff-geburtstagsaktion\\\/\",\"url\":\"https:\\\/\\\/www.kathtreff.org\\\/blog\\\/kathtreff-geburtstagsaktion\\\/\",\"name\":\"10 Jahre kathTreff - kathTreff Blog\",\"isPartOf\":{\"@id\":\"https:\\\/\\\/www.kathtreff.org\\\/blog\\\/#website\"},\"primaryImageOfPage\":{\"@id\":\"https:\\\/\\\/www.kathtreff.org\\\/blog\\\/kathtreff-geburtstagsaktion\\\/#primaryimage\"},\"image\":{\"@id\":\"https:\\\/\\\/www.kathtreff.org\\\/blog\\\/kathtreff-geburtstagsaktion\\\/#primaryimage\"},\"thumbnailUrl\":\"https:\\\/\\\/www.kathtreff.org\\\/blog\\\/wp-content\\\/uploads\\\/2015\\\/06\\\/10jahre-header.jpg\",\"datePublished\":\"2015-06-10T09:37:55+00:00\",\"dateModified\":\"2016-01-12T11:39:50+00:00\",\"author\":{\"@id\":\"https:\\\/\\\/www.kathtreff.org\\\/blog\\\/#\\\/schema\\\/person\\\/a9a9e850ffe37a58e9703ea081de5f33\"},\"breadcrumb\":{\"@id\":\"https:\\\/\\\/www.kathtreff.org\\\/blog\\\/kathtreff-geburtstagsaktion\\\/#breadcrumb\"},\"inLanguage\":\"de\",\"potentialAction\":[{\"@type\":\"ReadAction\",\"target\":[\"https:\\\/\\\/www.kathtreff.org\\\/blog\\\/kathtreff-geburtstagsaktion\\\/\"]}]},{\"@type\":\"ImageObject\",\"inLanguage\":\"de\",\"@id\":\"https:\\\/\\\/www.kathtreff.org\\\/blog\\\/kathtreff-geburtstagsaktion\\\/#primaryimage\",\"url\":\"https:\\\/\\\/www.kathtreff.org\\\/blog\\\/wp-content\\\/uploads\\\/2015\\\/06\\\/10jahre-header.jpg\",\"contentUrl\":\"https:\\\/\\\/www.kathtreff.org\\\/blog\\\/wp-content\\\/uploads\\\/2015\\\/06\\\/10jahre-header.jpg\",\"width\":591,\"height\":375,\"caption\":\"kathTreff - Aktion\"},{\"@type\":\"BreadcrumbList\",\"@id\":\"https:\\\/\\\/www.kathtreff.org\\\/blog\\\/kathtreff-geburtstagsaktion\\\/#breadcrumb\",\"itemListElement\":[{\"@type\":\"ListItem\",\"position\":1,\"name\":\"Home\",\"item\":\"https:\\\/\\\/www.kathtreff.org\\\/blog\\\/\"},{\"@type\":\"ListItem\",\"position\":2,\"name\":\"10 Jahre kathTreff\"}]},{\"@type\":\"WebSite\",\"@id\":\"https:\\\/\\\/www.kathtreff.org\\\/blog\\\/#website\",\"url\":\"https:\\\/\\\/www.kathtreff.org\\\/blog\\\/\",\"name\":\"kathTreff Blog\",\"description\":\"Partnersuche f\u00fcr katholische Singles\",\"potentialAction\":[{\"@type\":\"SearchAction\",\"target\":{\"@type\":\"EntryPoint\",\"urlTemplate\":\"https:\\\/\\\/www.kathtreff.org\\\/blog\\\/?s={search_term_string}\"},\"query-input\":{\"@type\":\"PropertyValueSpecification\",\"valueRequired\":true,\"valueName\":\"search_term_string\"}}],\"inLanguage\":\"de\"},{\"@type\":\"Person\",\"@id\":\"https:\\\/\\\/www.kathtreff.org\\\/blog\\\/#\\\/schema\\\/person\\\/a9a9e850ffe37a58e9703ea081de5f33\",\"name\":\"Gudrun Kugler\",\"image\":{\"@type\":\"ImageObject\",\"inLanguage\":\"de\",\"@id\":\"https:\\\/\\\/secure.gravatar.com\\\/avatar\\\/7c04d6fc65a215eb07cad8d69adaad970edf78f002e2ef97dd03a6bbe75e5b48?s=96&d=mm&r=g\",\"url\":\"https:\\\/\\\/secure.gravatar.com\\\/avatar\\\/7c04d6fc65a215eb07cad8d69adaad970edf78f002e2ef97dd03a6bbe75e5b48?s=96&d=mm&r=g\",\"contentUrl\":\"https:\\\/\\\/secure.gravatar.com\\\/avatar\\\/7c04d6fc65a215eb07cad8d69adaad970edf78f002e2ef97dd03a6bbe75e5b48?s=96&d=mm&r=g\",\"caption\":\"Gudrun Kugler\"},\"sameAs\":[\"http:\\\/\\\/kathtreff.org\"],\"url\":\"https:\\\/\\\/www.kathtreff.org\\\/blog\\\/author\\\/gudrun\\\/\"}]}<\/script>\n<!-- \/ Yoast SEO plugin. -->","yoast_head_json":{"title":"10 Jahre kathTreff - kathTreff Blog","robots":{"index":"index","follow":"follow","max-snippet":"max-snippet:-1","max-image-preview":"max-image-preview:large","max-video-preview":"max-video-preview:-1"},"canonical":"https:\/\/www.kathtreff.org\/blog\/kathtreff-geburtstagsaktion\/","twitter_misc":{"Verfasst von":"Gudrun Kugler","Gesch\u00e4tzte Lesezeit":"1\u00a0Minute"},"schema":{"@context":"https:\/\/schema.org","@graph":[{"@type":"Article","@id":"https:\/\/www.kathtreff.org\/blog\/kathtreff-geburtstagsaktion\/#article","isPartOf":{"@id":"https:\/\/www.kathtreff.org\/blog\/kathtreff-geburtstagsaktion\/"},"author":{"name":"Gudrun Kugler","@id":"https:\/\/www.kathtreff.org\/blog\/#\/schema\/person\/a9a9e850ffe37a58e9703ea081de5f33"},"headline":"10 Jahre kathTreff","datePublished":"2015-06-10T09:37:55+00:00","dateModified":"2016-01-12T11:39:50+00:00","mainEntityOfPage":{"@id":"https:\/\/www.kathtreff.org\/blog\/kathtreff-geburtstagsaktion\/"},"wordCount":134,"commentCount":0,"image":{"@id":"https:\/\/www.kathtreff.org\/blog\/kathtreff-geburtstagsaktion\/#primaryimage"},"thumbnailUrl":"https:\/\/www.kathtreff.org\/blog\/wp-content\/uploads\/2015\/06\/10jahre-header.jpg","articleSection":["Singleb\u00f6rse"],"inLanguage":"de","potentialAction":[{"@type":"CommentAction","name":"Comment","target":["https:\/\/www.kathtreff.org\/blog\/kathtreff-geburtstagsaktion\/#respond"]}]},{"@type":"WebPage","@id":"https:\/\/www.kathtreff.org\/blog\/kathtreff-geburtstagsaktion\/","url":"https:\/\/www.kathtreff.org\/blog\/kathtreff-geburtstagsaktion\/","name":"10 Jahre kathTreff - kathTreff Blog","isPartOf":{"@id":"https:\/\/www.kathtreff.org\/blog\/#website"},"primaryImageOfPage":{"@id":"https:\/\/www.kathtreff.org\/blog\/kathtreff-geburtstagsaktion\/#primaryimage"},"image":{"@id":"https:\/\/www.kathtreff.org\/blog\/kathtreff-geburtstagsaktion\/#primaryimage"},"thumbnailUrl":"https:\/\/www.kathtreff.org\/blog\/wp-content\/uploads\/2015\/06\/10jahre-header.jpg","datePublished":"2015-06-10T09:37:55+00:00","dateModified":"2016-01-12T11:39:50+00:00","author":{"@id":"https:\/\/www.kathtreff.org\/blog\/#\/schema\/person\/a9a9e850ffe37a58e9703ea081de5f33"},"breadcrumb":{"@id":"https:\/\/www.kathtreff.org\/blog\/kathtreff-geburtstagsaktion\/#breadcrumb"},"inLanguage":"de","potentialAction":[{"@type":"ReadAction","target":["https:\/\/www.kathtreff.org\/blog\/kathtreff-geburtstagsaktion\/"]}]},{"@type":"ImageObject","inLanguage":"de","@id":"https:\/\/www.kathtreff.org\/blog\/kathtreff-geburtstagsaktion\/#primaryimage","url":"https:\/\/www.kathtreff.org\/blog\/wp-content\/uploads\/2015\/06\/10jahre-header.jpg","contentUrl":"https:\/\/www.kathtreff.org\/blog\/wp-content\/uploads\/2015\/06\/10jahre-header.jpg","width":591,"height":375,"caption":"kathTreff - Aktion"},{"@type":"BreadcrumbList","@id":"https:\/\/www.kathtreff.org\/blog\/kathtreff-geburtstagsaktion\/#breadcrumb","itemListElement":[{"@type":"ListItem","position":1,"name":"Home","item":"https:\/\/www.kathtreff.org\/blog\/"},{"@type":"ListItem","position":2,"name":"10 Jahre kathTreff"}]},{"@type":"WebSite","@id":"https:\/\/www.kathtreff.org\/blog\/#website","url":"https:\/\/www.kathtreff.org\/blog\/","name":"kathTreff Blog","description":"Partnersuche f\u00fcr katholische Singles","potentialAction":[{"@type":"SearchAction","target":{"@type":"EntryPoint","urlTemplate":"https:\/\/www.kathtreff.org\/blog\/?s={search_term_string}"},"query-input":{"@type":"PropertyValueSpecification","valueRequired":true,"valueName":"search_term_string"}}],"inLanguage":"de"},{"@type":"Person","@id":"https:\/\/www.kathtreff.org\/blog\/#\/schema\/person\/a9a9e850ffe37a58e9703ea081de5f33","name":"Gudrun Kugler","image":{"@type":"ImageObject","inLanguage":"de","@id":"https:\/\/secure.gravatar.com\/avatar\/7c04d6fc65a215eb07cad8d69adaad970edf78f002e2ef97dd03a6bbe75e5b48?s=96&d=mm&r=g","url":"https:\/\/secure.gravatar.com\/avatar\/7c04d6fc65a215eb07cad8d69adaad970edf78f002e2ef97dd03a6bbe75e5b48?s=96&d=mm&r=g","contentUrl":"https:\/\/secure.gravatar.com\/avatar\/7c04d6fc65a215eb07cad8d69adaad970edf78f002e2ef97dd03a6bbe75e5b48?s=96&d=mm&r=g","caption":"Gudrun Kugler"},"sameAs":["http:\/\/kathtreff.org"],"url":"https:\/\/www.kathtreff.org\/blog\/author\/gudrun\/"}]}},"_links":{"self":[{"href":"https:\/\/www.kathtreff.org\/blog\/wp-json\/wp\/v2\/posts\/508","targetHints":{"allow":["GET"]}}],"collection":[{"href":"https:\/\/www.kathtreff.org\/blog\/wp-json\/wp\/v2\/posts"}],"about":[{"href":"https:\/\/www.kathtreff.org\/blog\/wp-json\/wp\/v2\/types\/post"}],"author":[{"embeddable":true,"href":"https:\/\/www.kathtreff.org\/blog\/wp-json\/wp\/v2\/users\/2"}],"replies":[{"embeddable":true,"href":"https:\/\/www.kathtreff.org\/blog\/wp-json\/wp\/v2\/comments?post=508"}],"version-history":[{"count":3,"href":"https:\/\/www.kathtreff.org\/blog\/wp-json\/wp\/v2\/posts\/508\/revisions"}],"predecessor-version":[{"id":544,"href":"https:\/\/www.kathtreff.org\/blog\/wp-json\/wp\/v2\/posts\/508\/revisions\/544"}],"wp:featuredmedia":[{"embeddable":true,"href":"https:\/\/www.kathtreff.org\/blog\/wp-json\/wp\/v2\/media\/509"}],"wp:attachment":[{"href":"https:\/\/www.kathtreff.org\/blog\/wp-json\/wp\/v2\/media?parent=508"}],"wp:term":[{"taxonomy":"category","embeddable":true,"href":"https:\/\/www.kathtreff.org\/blog\/wp-json\/wp\/v2\/categories?post=508"},{"taxonomy":"post_tag","embeddable":true,"href":"https:\/\/www.kathtreff.org\/blog\/wp-json\/wp\/v2\/tags?post=508"},{"taxonomy":"promotion","embeddable":true,"href":"https:\/\/www.kathtreff.org\/blog\/wp-json\/wp\/v2\/promotion?post=508"}],"curies":[{"name":"wp","href":"https:\/\/api.w.org\/{rel}","templated":true}]}}