{"id":2991,"date":"2025-10-06T07:43:02","date_gmt":"2025-10-06T06:43:02","guid":{"rendered":"https:\/\/www.kathtreff.org\/blog\/?p=2991"},"modified":"2025-10-07T08:27:05","modified_gmt":"2025-10-07T07:27:05","slug":"sommerlager-in-dalmatien-oder-perspektivwechsel-von-was-mir-fehlt-zu-was-ich-zu-bieten-habe","status":"publish","type":"post","link":"https:\/\/www.kathtreff.org\/blog\/sommerlager-in-dalmatien-oder-perspektivwechsel-von-was-mir-fehlt-zu-was-ich-zu-bieten-habe\/","title":{"rendered":"Sommerlager in Dalmatien oder Perspektivwechsel von \u201ewas mir fehlt\u201c zu \u201ewas ich\u00a0zu\u00a0bieten\u00a0habe\u201c"},"content":{"rendered":"<p>Um den Herbst \u2013 jedenfalls innerlich \u2013 sonnig zu beginnen, wollen wir Euch diesen sehr pers\u00f6nlichen Bericht von unserer internationalen Woche im August auf Badija nicht vorenthalten. Danke Dir Ieva f\u00fcrs Teilen!<\/p>\n<p><strong>&#8222;<\/strong>Dieses Sommerlager war das vollkommene Geschenk Gottes. Es hat mir geholfen, meinen Fokus von einer Haltung des Mangels zu einer Haltung der F\u00fclle zu verlagern und mein Vertrauen in Gott wiederherzustellen. Ich finde diesen Perspektivwechsel von \u201ewas mir fehlt\u201c zu \u201ewas ich zu bieten habe\u201c besonders befreiend, denn man hat immer etwas Gutes zu bieten und kann immer Wege finden, anderen zu dienen und sie zu lieben, unabh\u00e4ngig von der eigenen Lebenssituation. N\u00e4chstenliebe erfordert keine besonderen Umst\u00e4nde, sondern nur den Willen und das Handeln, und das ist etwas, wof\u00fcr ich mich entscheiden kann. Den Fokus von mir selbst auf andere zu verlagern, ist auch eine heilsame \u00dcbung und eine Art Medizin f\u00fcr mich als Frau.<\/p>\n<p>Ich habe viele gro\u00dfartige Menschen kennengelernt. Einige von ihnen waren auch verheiratet. Sie erz\u00e4hlten uns ihre Geschichte, die Lektionen, die sie gelernt hatten, ihre Ratschl\u00e4ge, ihre K\u00e4mpfe. Sie zeigten uns Singles, dass es in der Ehe in erster Linie ums Geben geht. Man k\u00f6nnte sagen: Warum sich die M\u00fche machen, Du hast doch andere Dinge zu tun, aber die Bereitschaft, zu teilen, Zeugnis abzulegen und zu unterweisen, ist f\u00fcr sie wichtiger als pers\u00f6nliche Angelegenheiten und ein ruhiges Leben. Man k\u00f6nnte sagen: warum die M\u00fche? Such Dir einen Ehemann, konzentriere Dich auf Dein Ziel, heirate! Aber ist das wirklich alles? Es war, als h\u00e4tten diese Paare uns zugefl\u00fcstert: \u201eSeid vorsichtig, lernt zuerst, wie man gibt\u201c. Und das ist befreiend. Denn mit dem Geben kann man sofort beginnen, man muss nicht bis zur Heirat warten \ud83d\ude42<\/p>\n<p>Da waren wir nun, eine Gruppe von Singles, die versuchten, zu lernen, wie man gibt. Eine Woche lang hatten wir das Privileg, von Gebeten getragen zu sein, von ausgezeichneten Vortr\u00e4gen \u00fcber Themen wie die Freuden und Schwierigkeiten des Single-Lebens, dar\u00fcber, worauf man bei einem potenziellen Ehepartner achten sollte, dar\u00fcber, wie man kommuniziert, um nur einige zu nennen, gefolgt von Gruppendiskussionen \u2013 und das alles umgeben von den Mauern eines Franziskanerklosters aus dem 14. Jahrhundert. Ich kann nicht dankbarer sein f\u00fcr die Liebe, die ich in dieser Woche erfahren habe.<\/p>\n<p>Nach und nach gelang es uns, uns einander zu \u00f6ffnen, Sinn darin zu finden, andere kennenzulernen, miteinander und f\u00fcreinander zu beten und zur Ruhe zu kommen. Auch hier ging es nicht darum, etwas zu finden, sondern darum, zu geben. Einem anderen zuzuh\u00f6ren, jemanden mit einem L\u00e4cheln zu begr\u00fc\u00dfen, die richtigen Worte zu finden, um jemandem ein Kompliment zu machen oder ihn zu tr\u00f6sten, den Menschen neben sich wahrzunehmen.<\/p>\n<p>Mit anderen Worten, es lie\u00df mich an eine Gemeinschaft denken, in der das Leben reichhaltig ist und wir alle an der Freude teilhaben, zusammen zu sein und einander als Geschenk zu haben. Es war eine wunderbare Zeit, die mich inspiriert hat, zu Hause meinen Teil beizutragen, unabh\u00e4ngig davon, ob es auf Gegenseitigkeit beruht. Man kann immer mit kleinen Schritten anfangen \u2013 vielleicht werden sie mit der Zeit gr\u00f6\u00dfer. Deshalb kehre ich mit neuer Kraft nach Hause zur\u00fcck und versuche, diese Gesten der Freundlichkeit in meinem Heimatland umzusetzen. Seid gewiss, die Hoffnung, die ich in Badija gefunden habe, trage ich voller Freude in mir!<\/p>\n<p>Vielen Dank f\u00fcr diese wunderbare Erfahrung!<strong>&#8222;<\/strong><\/p>\n<p>Ieva aus Litauen<\/p>\n","protected":false},"excerpt":{"rendered":"<p>Um den Herbst \u2013 jedenfalls innerlich \u2013 sonnig zu beginnen, wollen wir Euch diesen sehr pers\u00f6nlichen Bericht von unserer internationalen Woche im August auf Badija nicht vorenthalten. Danke Dir Ieva f\u00fcrs Teilen! &#8222;Dieses Sommerlager war das vollkommene Geschenk Gottes. Es hat mir geholfen, meinen Fokus von einer Haltung des Mangels zu einer Haltung der F\u00fclle [&hellip;]<\/p>\n","protected":false},"author":3,"featured_media":2997,"comment_status":"open","ping_status":"open","sticky":false,"template":"","format":"standard","meta":{"_genesis_hide_title":false,"_genesis_hide_breadcrumbs":false,"_genesis_hide_singular_image":false,"_genesis_hide_footer_widgets":false,"_genesis_custom_body_class":"","_genesis_custom_post_class":"","_genesis_layout":"","footnotes":""},"categories":[1],"tags":[],"promotion":[],"class_list":{"0":"post-2991","1":"post","2":"type-post","3":"status-publish","4":"format-standard","5":"has-post-thumbnail","7":"category-uncategorized","8":"entry"},"yoast_head":"<!-- This site is optimized with the Yoast SEO plugin v27.5 - https:\/\/yoast.com\/product\/yoast-seo-wordpress\/ -->\n<title>Sommerlager in Dalmatien oder Perspektivwechsel von \u201ewas mir fehlt\u201c zu \u201ewas ich\u00a0zu\u00a0bieten\u00a0habe\u201c - kathTreff Blog<\/title>\n<meta name=\"robots\" content=\"index, follow, max-snippet:-1, max-image-preview:large, max-video-preview:-1\" \/>\n<link rel=\"canonical\" href=\"https:\/\/www.kathtreff.org\/blog\/sommerlager-in-dalmatien-oder-perspektivwechsel-von-was-mir-fehlt-zu-was-ich-zu-bieten-habe\/\" \/>\n<meta name=\"twitter:label1\" content=\"Verfasst von\" \/>\n\t<meta name=\"twitter:data1\" content=\"kathTreff Office\" \/>\n\t<meta name=\"twitter:label2\" content=\"Gesch\u00e4tzte Lesezeit\" \/>\n\t<meta name=\"twitter:data2\" content=\"4\u00a0Minuten\" \/>\n<script type=\"application\/ld+json\" class=\"yoast-schema-graph\">{\"@context\":\"https:\\\/\\\/schema.org\",\"@graph\":[{\"@type\":\"Article\",\"@id\":\"https:\\\/\\\/www.kathtreff.org\\\/blog\\\/sommerlager-in-dalmatien-oder-perspektivwechsel-von-was-mir-fehlt-zu-was-ich-zu-bieten-habe\\\/#article\",\"isPartOf\":{\"@id\":\"https:\\\/\\\/www.kathtreff.org\\\/blog\\\/sommerlager-in-dalmatien-oder-perspektivwechsel-von-was-mir-fehlt-zu-was-ich-zu-bieten-habe\\\/\"},\"author\":{\"name\":\"kathTreff Office\",\"@id\":\"https:\\\/\\\/www.kathtreff.org\\\/blog\\\/#\\\/schema\\\/person\\\/3d0d193090d342d7050d69fe5195501d\"},\"headline\":\"Sommerlager in Dalmatien oder Perspektivwechsel von \u201ewas mir fehlt\u201c zu \u201ewas ich\u00a0zu\u00a0bieten\u00a0habe\u201c\",\"datePublished\":\"2025-10-06T06:43:02+00:00\",\"dateModified\":\"2025-10-07T07:27:05+00:00\",\"mainEntityOfPage\":{\"@id\":\"https:\\\/\\\/www.kathtreff.org\\\/blog\\\/sommerlager-in-dalmatien-oder-perspektivwechsel-von-was-mir-fehlt-zu-was-ich-zu-bieten-habe\\\/\"},\"wordCount\":592,\"commentCount\":0,\"image\":{\"@id\":\"https:\\\/\\\/www.kathtreff.org\\\/blog\\\/sommerlager-in-dalmatien-oder-perspektivwechsel-von-was-mir-fehlt-zu-was-ich-zu-bieten-habe\\\/#primaryimage\"},\"thumbnailUrl\":\"https:\\\/\\\/www.kathtreff.org\\\/blog\\\/wp-content\\\/uploads\\\/2025\\\/10\\\/Sommerlager-Badija-Gudrun-Arkaden-quadratisch.jpg\",\"articleSection\":[\"Uncategorized\"],\"inLanguage\":\"de\",\"potentialAction\":[{\"@type\":\"CommentAction\",\"name\":\"Comment\",\"target\":[\"https:\\\/\\\/www.kathtreff.org\\\/blog\\\/sommerlager-in-dalmatien-oder-perspektivwechsel-von-was-mir-fehlt-zu-was-ich-zu-bieten-habe\\\/#respond\"]}]},{\"@type\":\"WebPage\",\"@id\":\"https:\\\/\\\/www.kathtreff.org\\\/blog\\\/sommerlager-in-dalmatien-oder-perspektivwechsel-von-was-mir-fehlt-zu-was-ich-zu-bieten-habe\\\/\",\"url\":\"https:\\\/\\\/www.kathtreff.org\\\/blog\\\/sommerlager-in-dalmatien-oder-perspektivwechsel-von-was-mir-fehlt-zu-was-ich-zu-bieten-habe\\\/\",\"name\":\"Sommerlager in Dalmatien oder Perspektivwechsel von \u201ewas mir fehlt\u201c zu \u201ewas ich\u00a0zu\u00a0bieten\u00a0habe\u201c - kathTreff Blog\",\"isPartOf\":{\"@id\":\"https:\\\/\\\/www.kathtreff.org\\\/blog\\\/#website\"},\"primaryImageOfPage\":{\"@id\":\"https:\\\/\\\/www.kathtreff.org\\\/blog\\\/sommerlager-in-dalmatien-oder-perspektivwechsel-von-was-mir-fehlt-zu-was-ich-zu-bieten-habe\\\/#primaryimage\"},\"image\":{\"@id\":\"https:\\\/\\\/www.kathtreff.org\\\/blog\\\/sommerlager-in-dalmatien-oder-perspektivwechsel-von-was-mir-fehlt-zu-was-ich-zu-bieten-habe\\\/#primaryimage\"},\"thumbnailUrl\":\"https:\\\/\\\/www.kathtreff.org\\\/blog\\\/wp-content\\\/uploads\\\/2025\\\/10\\\/Sommerlager-Badija-Gudrun-Arkaden-quadratisch.jpg\",\"datePublished\":\"2025-10-06T06:43:02+00:00\",\"dateModified\":\"2025-10-07T07:27:05+00:00\",\"author\":{\"@id\":\"https:\\\/\\\/www.kathtreff.org\\\/blog\\\/#\\\/schema\\\/person\\\/3d0d193090d342d7050d69fe5195501d\"},\"breadcrumb\":{\"@id\":\"https:\\\/\\\/www.kathtreff.org\\\/blog\\\/sommerlager-in-dalmatien-oder-perspektivwechsel-von-was-mir-fehlt-zu-was-ich-zu-bieten-habe\\\/#breadcrumb\"},\"inLanguage\":\"de\",\"potentialAction\":[{\"@type\":\"ReadAction\",\"target\":[\"https:\\\/\\\/www.kathtreff.org\\\/blog\\\/sommerlager-in-dalmatien-oder-perspektivwechsel-von-was-mir-fehlt-zu-was-ich-zu-bieten-habe\\\/\"]}]},{\"@type\":\"ImageObject\",\"inLanguage\":\"de\",\"@id\":\"https:\\\/\\\/www.kathtreff.org\\\/blog\\\/sommerlager-in-dalmatien-oder-perspektivwechsel-von-was-mir-fehlt-zu-was-ich-zu-bieten-habe\\\/#primaryimage\",\"url\":\"https:\\\/\\\/www.kathtreff.org\\\/blog\\\/wp-content\\\/uploads\\\/2025\\\/10\\\/Sommerlager-Badija-Gudrun-Arkaden-quadratisch.jpg\",\"contentUrl\":\"https:\\\/\\\/www.kathtreff.org\\\/blog\\\/wp-content\\\/uploads\\\/2025\\\/10\\\/Sommerlager-Badija-Gudrun-Arkaden-quadratisch.jpg\",\"width\":598,\"height\":557},{\"@type\":\"BreadcrumbList\",\"@id\":\"https:\\\/\\\/www.kathtreff.org\\\/blog\\\/sommerlager-in-dalmatien-oder-perspektivwechsel-von-was-mir-fehlt-zu-was-ich-zu-bieten-habe\\\/#breadcrumb\",\"itemListElement\":[{\"@type\":\"ListItem\",\"position\":1,\"name\":\"Home\",\"item\":\"https:\\\/\\\/www.kathtreff.org\\\/blog\\\/\"},{\"@type\":\"ListItem\",\"position\":2,\"name\":\"Sommerlager in Dalmatien oder Perspektivwechsel von \u201ewas mir fehlt\u201c zu \u201ewas ich\u00a0zu\u00a0bieten\u00a0habe\u201c\"}]},{\"@type\":\"WebSite\",\"@id\":\"https:\\\/\\\/www.kathtreff.org\\\/blog\\\/#website\",\"url\":\"https:\\\/\\\/www.kathtreff.org\\\/blog\\\/\",\"name\":\"kathTreff Blog\",\"description\":\"Partnersuche f\u00fcr katholische Singles\",\"potentialAction\":[{\"@type\":\"SearchAction\",\"target\":{\"@type\":\"EntryPoint\",\"urlTemplate\":\"https:\\\/\\\/www.kathtreff.org\\\/blog\\\/?s={search_term_string}\"},\"query-input\":{\"@type\":\"PropertyValueSpecification\",\"valueRequired\":true,\"valueName\":\"search_term_string\"}}],\"inLanguage\":\"de\"},{\"@type\":\"Person\",\"@id\":\"https:\\\/\\\/www.kathtreff.org\\\/blog\\\/#\\\/schema\\\/person\\\/3d0d193090d342d7050d69fe5195501d\",\"name\":\"kathTreff Office\",\"image\":{\"@type\":\"ImageObject\",\"inLanguage\":\"de\",\"@id\":\"https:\\\/\\\/secure.gravatar.com\\\/avatar\\\/b24165eda34d07f0ae23b51332709e2a63d3b87267604d04c369c2f4281a3630?s=96&d=mm&r=g\",\"url\":\"https:\\\/\\\/secure.gravatar.com\\\/avatar\\\/b24165eda34d07f0ae23b51332709e2a63d3b87267604d04c369c2f4281a3630?s=96&d=mm&r=g\",\"contentUrl\":\"https:\\\/\\\/secure.gravatar.com\\\/avatar\\\/b24165eda34d07f0ae23b51332709e2a63d3b87267604d04c369c2f4281a3630?s=96&d=mm&r=g\",\"caption\":\"kathTreff Office\"},\"url\":\"https:\\\/\\\/www.kathtreff.org\\\/blog\\\/author\\\/kathtreff-office\\\/\"}]}<\/script>\n<!-- \/ Yoast SEO plugin. -->","yoast_head_json":{"title":"Sommerlager in Dalmatien oder Perspektivwechsel von \u201ewas mir fehlt\u201c zu \u201ewas ich\u00a0zu\u00a0bieten\u00a0habe\u201c - kathTreff Blog","robots":{"index":"index","follow":"follow","max-snippet":"max-snippet:-1","max-image-preview":"max-image-preview:large","max-video-preview":"max-video-preview:-1"},"canonical":"https:\/\/www.kathtreff.org\/blog\/sommerlager-in-dalmatien-oder-perspektivwechsel-von-was-mir-fehlt-zu-was-ich-zu-bieten-habe\/","twitter_misc":{"Verfasst von":"kathTreff Office","Gesch\u00e4tzte Lesezeit":"4\u00a0Minuten"},"schema":{"@context":"https:\/\/schema.org","@graph":[{"@type":"Article","@id":"https:\/\/www.kathtreff.org\/blog\/sommerlager-in-dalmatien-oder-perspektivwechsel-von-was-mir-fehlt-zu-was-ich-zu-bieten-habe\/#article","isPartOf":{"@id":"https:\/\/www.kathtreff.org\/blog\/sommerlager-in-dalmatien-oder-perspektivwechsel-von-was-mir-fehlt-zu-was-ich-zu-bieten-habe\/"},"author":{"name":"kathTreff Office","@id":"https:\/\/www.kathtreff.org\/blog\/#\/schema\/person\/3d0d193090d342d7050d69fe5195501d"},"headline":"Sommerlager in Dalmatien oder Perspektivwechsel von \u201ewas mir fehlt\u201c zu \u201ewas ich\u00a0zu\u00a0bieten\u00a0habe\u201c","datePublished":"2025-10-06T06:43:02+00:00","dateModified":"2025-10-07T07:27:05+00:00","mainEntityOfPage":{"@id":"https:\/\/www.kathtreff.org\/blog\/sommerlager-in-dalmatien-oder-perspektivwechsel-von-was-mir-fehlt-zu-was-ich-zu-bieten-habe\/"},"wordCount":592,"commentCount":0,"image":{"@id":"https:\/\/www.kathtreff.org\/blog\/sommerlager-in-dalmatien-oder-perspektivwechsel-von-was-mir-fehlt-zu-was-ich-zu-bieten-habe\/#primaryimage"},"thumbnailUrl":"https:\/\/www.kathtreff.org\/blog\/wp-content\/uploads\/2025\/10\/Sommerlager-Badija-Gudrun-Arkaden-quadratisch.jpg","articleSection":["Uncategorized"],"inLanguage":"de","potentialAction":[{"@type":"CommentAction","name":"Comment","target":["https:\/\/www.kathtreff.org\/blog\/sommerlager-in-dalmatien-oder-perspektivwechsel-von-was-mir-fehlt-zu-was-ich-zu-bieten-habe\/#respond"]}]},{"@type":"WebPage","@id":"https:\/\/www.kathtreff.org\/blog\/sommerlager-in-dalmatien-oder-perspektivwechsel-von-was-mir-fehlt-zu-was-ich-zu-bieten-habe\/","url":"https:\/\/www.kathtreff.org\/blog\/sommerlager-in-dalmatien-oder-perspektivwechsel-von-was-mir-fehlt-zu-was-ich-zu-bieten-habe\/","name":"Sommerlager in Dalmatien oder Perspektivwechsel von \u201ewas mir fehlt\u201c zu \u201ewas ich\u00a0zu\u00a0bieten\u00a0habe\u201c - kathTreff Blog","isPartOf":{"@id":"https:\/\/www.kathtreff.org\/blog\/#website"},"primaryImageOfPage":{"@id":"https:\/\/www.kathtreff.org\/blog\/sommerlager-in-dalmatien-oder-perspektivwechsel-von-was-mir-fehlt-zu-was-ich-zu-bieten-habe\/#primaryimage"},"image":{"@id":"https:\/\/www.kathtreff.org\/blog\/sommerlager-in-dalmatien-oder-perspektivwechsel-von-was-mir-fehlt-zu-was-ich-zu-bieten-habe\/#primaryimage"},"thumbnailUrl":"https:\/\/www.kathtreff.org\/blog\/wp-content\/uploads\/2025\/10\/Sommerlager-Badija-Gudrun-Arkaden-quadratisch.jpg","datePublished":"2025-10-06T06:43:02+00:00","dateModified":"2025-10-07T07:27:05+00:00","author":{"@id":"https:\/\/www.kathtreff.org\/blog\/#\/schema\/person\/3d0d193090d342d7050d69fe5195501d"},"breadcrumb":{"@id":"https:\/\/www.kathtreff.org\/blog\/sommerlager-in-dalmatien-oder-perspektivwechsel-von-was-mir-fehlt-zu-was-ich-zu-bieten-habe\/#breadcrumb"},"inLanguage":"de","potentialAction":[{"@type":"ReadAction","target":["https:\/\/www.kathtreff.org\/blog\/sommerlager-in-dalmatien-oder-perspektivwechsel-von-was-mir-fehlt-zu-was-ich-zu-bieten-habe\/"]}]},{"@type":"ImageObject","inLanguage":"de","@id":"https:\/\/www.kathtreff.org\/blog\/sommerlager-in-dalmatien-oder-perspektivwechsel-von-was-mir-fehlt-zu-was-ich-zu-bieten-habe\/#primaryimage","url":"https:\/\/www.kathtreff.org\/blog\/wp-content\/uploads\/2025\/10\/Sommerlager-Badija-Gudrun-Arkaden-quadratisch.jpg","contentUrl":"https:\/\/www.kathtreff.org\/blog\/wp-content\/uploads\/2025\/10\/Sommerlager-Badija-Gudrun-Arkaden-quadratisch.jpg","width":598,"height":557},{"@type":"BreadcrumbList","@id":"https:\/\/www.kathtreff.org\/blog\/sommerlager-in-dalmatien-oder-perspektivwechsel-von-was-mir-fehlt-zu-was-ich-zu-bieten-habe\/#breadcrumb","itemListElement":[{"@type":"ListItem","position":1,"name":"Home","item":"https:\/\/www.kathtreff.org\/blog\/"},{"@type":"ListItem","position":2,"name":"Sommerlager in Dalmatien oder Perspektivwechsel von \u201ewas mir fehlt\u201c zu \u201ewas ich\u00a0zu\u00a0bieten\u00a0habe\u201c"}]},{"@type":"WebSite","@id":"https:\/\/www.kathtreff.org\/blog\/#website","url":"https:\/\/www.kathtreff.org\/blog\/","name":"kathTreff Blog","description":"Partnersuche f\u00fcr katholische Singles","potentialAction":[{"@type":"SearchAction","target":{"@type":"EntryPoint","urlTemplate":"https:\/\/www.kathtreff.org\/blog\/?s={search_term_string}"},"query-input":{"@type":"PropertyValueSpecification","valueRequired":true,"valueName":"search_term_string"}}],"inLanguage":"de"},{"@type":"Person","@id":"https:\/\/www.kathtreff.org\/blog\/#\/schema\/person\/3d0d193090d342d7050d69fe5195501d","name":"kathTreff Office","image":{"@type":"ImageObject","inLanguage":"de","@id":"https:\/\/secure.gravatar.com\/avatar\/b24165eda34d07f0ae23b51332709e2a63d3b87267604d04c369c2f4281a3630?s=96&d=mm&r=g","url":"https:\/\/secure.gravatar.com\/avatar\/b24165eda34d07f0ae23b51332709e2a63d3b87267604d04c369c2f4281a3630?s=96&d=mm&r=g","contentUrl":"https:\/\/secure.gravatar.com\/avatar\/b24165eda34d07f0ae23b51332709e2a63d3b87267604d04c369c2f4281a3630?s=96&d=mm&r=g","caption":"kathTreff Office"},"url":"https:\/\/www.kathtreff.org\/blog\/author\/kathtreff-office\/"}]}},"_links":{"self":[{"href":"https:\/\/www.kathtreff.org\/blog\/wp-json\/wp\/v2\/posts\/2991","targetHints":{"allow":["GET"]}}],"collection":[{"href":"https:\/\/www.kathtreff.org\/blog\/wp-json\/wp\/v2\/posts"}],"about":[{"href":"https:\/\/www.kathtreff.org\/blog\/wp-json\/wp\/v2\/types\/post"}],"author":[{"embeddable":true,"href":"https:\/\/www.kathtreff.org\/blog\/wp-json\/wp\/v2\/users\/3"}],"replies":[{"embeddable":true,"href":"https:\/\/www.kathtreff.org\/blog\/wp-json\/wp\/v2\/comments?post=2991"}],"version-history":[{"count":7,"href":"https:\/\/www.kathtreff.org\/blog\/wp-json\/wp\/v2\/posts\/2991\/revisions"}],"predecessor-version":[{"id":3002,"href":"https:\/\/www.kathtreff.org\/blog\/wp-json\/wp\/v2\/posts\/2991\/revisions\/3002"}],"wp:featuredmedia":[{"embeddable":true,"href":"https:\/\/www.kathtreff.org\/blog\/wp-json\/wp\/v2\/media\/2997"}],"wp:attachment":[{"href":"https:\/\/www.kathtreff.org\/blog\/wp-json\/wp\/v2\/media?parent=2991"}],"wp:term":[{"taxonomy":"category","embeddable":true,"href":"https:\/\/www.kathtreff.org\/blog\/wp-json\/wp\/v2\/categories?post=2991"},{"taxonomy":"post_tag","embeddable":true,"href":"https:\/\/www.kathtreff.org\/blog\/wp-json\/wp\/v2\/tags?post=2991"},{"taxonomy":"promotion","embeddable":true,"href":"https:\/\/www.kathtreff.org\/blog\/wp-json\/wp\/v2\/promotion?post=2991"}],"curies":[{"name":"wp","href":"https:\/\/api.w.org\/{rel}","templated":true}]}}