{"id":2635,"date":"2020-11-09T09:26:25","date_gmt":"2020-11-09T08:26:25","guid":{"rendered":"https:\/\/www.kathtreff.org\/blog\/?p=2635"},"modified":"2020-11-09T09:26:26","modified_gmt":"2020-11-09T08:26:26","slug":"wie-passen-freiheit-und-bindung-im-leben-zusammen","status":"publish","type":"post","link":"https:\/\/www.kathtreff.org\/blog\/wie-passen-freiheit-und-bindung-im-leben-zusammen\/","title":{"rendered":"Wie passen Freiheit und Bindung im Leben zusammen?"},"content":{"rendered":"\n<p><a href=\"https:\/\/www.youtube.com\/watch?v=aTympS9yIww\">Interview mit Dr. med. Christian Spaemann<\/a>, Facharzt f\u00fcr Psychiatrie und  psychotherapeutische Medizin. Dr. Spaemann unterscheidet zwischen der  Freiheit zu w\u00e4hlen und der Freiheit sich zu binden. <\/p>\n\n\n\n<p>W\u00e4hrend die  Wahlfreiheit tendenziell oberfl\u00e4chlich bleibt, ist die Bindungsfreiheit  wie ein Schl\u00fcssel, der Freiheitsr\u00e4ume \u00f6ffnet. Im beruflichen wie im  privaten Leben gilt das Prinzip, dass die Entscheidung hin zur  Spezialisierung oder exklusiven Bindung einen gr\u00f6\u00dferen Reichtum  entfaltet.<\/p>\n\n\n\n<p>Bitte liken, teilen und weiterempfehlen! <\/p>\n\n\n\n<p><\/p>\n","protected":false},"excerpt":{"rendered":"<p>Interview mit Dr. med. Christian Spaemann, Facharzt f\u00fcr Psychiatrie und psychotherapeutische Medizin. Dr. Spaemann unterscheidet zwischen der Freiheit zu w\u00e4hlen und der Freiheit sich zu binden. W\u00e4hrend die Wahlfreiheit tendenziell oberfl\u00e4chlich bleibt, ist die Bindungsfreiheit wie ein Schl\u00fcssel, der Freiheitsr\u00e4ume \u00f6ffnet. Im beruflichen wie im privaten Leben gilt das Prinzip, dass die Entscheidung hin zur [&hellip;]<\/p>\n","protected":false},"author":3,"featured_media":2638,"comment_status":"open","ping_status":"open","sticky":false,"template":"","format":"standard","meta":{"_genesis_hide_title":false,"_genesis_hide_breadcrumbs":false,"_genesis_hide_singular_image":false,"_genesis_hide_footer_widgets":false,"_genesis_custom_body_class":"","_genesis_custom_post_class":"","_genesis_layout":"","footnotes":""},"categories":[1],"tags":[],"promotion":[],"class_list":{"0":"post-2635","1":"post","2":"type-post","3":"status-publish","4":"format-standard","5":"has-post-thumbnail","7":"category-uncategorized","8":"entry"},"yoast_head":"<!-- This site is optimized with the Yoast SEO plugin v27.5 - https:\/\/yoast.com\/product\/yoast-seo-wordpress\/ -->\n<title>Wie passen Freiheit und Bindung im Leben zusammen? - kathTreff Blog<\/title>\n<meta name=\"robots\" content=\"index, follow, max-snippet:-1, max-image-preview:large, max-video-preview:-1\" \/>\n<link rel=\"canonical\" href=\"https:\/\/www.kathtreff.org\/blog\/wie-passen-freiheit-und-bindung-im-leben-zusammen\/\" \/>\n<meta name=\"twitter:label1\" content=\"Verfasst von\" \/>\n\t<meta name=\"twitter:data1\" content=\"kathTreff Office\" \/>\n<script type=\"application\/ld+json\" class=\"yoast-schema-graph\">{\"@context\":\"https:\\\/\\\/schema.org\",\"@graph\":[{\"@type\":\"Article\",\"@id\":\"https:\\\/\\\/www.kathtreff.org\\\/blog\\\/wie-passen-freiheit-und-bindung-im-leben-zusammen\\\/#article\",\"isPartOf\":{\"@id\":\"https:\\\/\\\/www.kathtreff.org\\\/blog\\\/wie-passen-freiheit-und-bindung-im-leben-zusammen\\\/\"},\"author\":{\"name\":\"kathTreff Office\",\"@id\":\"https:\\\/\\\/www.kathtreff.org\\\/blog\\\/#\\\/schema\\\/person\\\/3d0d193090d342d7050d69fe5195501d\"},\"headline\":\"Wie passen Freiheit und Bindung im Leben zusammen?\",\"datePublished\":\"2020-11-09T08:26:25+00:00\",\"dateModified\":\"2020-11-09T08:26:26+00:00\",\"mainEntityOfPage\":{\"@id\":\"https:\\\/\\\/www.kathtreff.org\\\/blog\\\/wie-passen-freiheit-und-bindung-im-leben-zusammen\\\/\"},\"wordCount\":83,\"commentCount\":0,\"image\":{\"@id\":\"https:\\\/\\\/www.kathtreff.org\\\/blog\\\/wie-passen-freiheit-und-bindung-im-leben-zusammen\\\/#primaryimage\"},\"thumbnailUrl\":\"https:\\\/\\\/www.kathtreff.org\\\/blog\\\/wp-content\\\/uploads\\\/2020\\\/11\\\/Spaemann-Video.png\",\"articleSection\":[\"Uncategorized\"],\"inLanguage\":\"de\",\"potentialAction\":[{\"@type\":\"CommentAction\",\"name\":\"Comment\",\"target\":[\"https:\\\/\\\/www.kathtreff.org\\\/blog\\\/wie-passen-freiheit-und-bindung-im-leben-zusammen\\\/#respond\"]}]},{\"@type\":\"WebPage\",\"@id\":\"https:\\\/\\\/www.kathtreff.org\\\/blog\\\/wie-passen-freiheit-und-bindung-im-leben-zusammen\\\/\",\"url\":\"https:\\\/\\\/www.kathtreff.org\\\/blog\\\/wie-passen-freiheit-und-bindung-im-leben-zusammen\\\/\",\"name\":\"Wie passen Freiheit und Bindung im Leben zusammen? - kathTreff Blog\",\"isPartOf\":{\"@id\":\"https:\\\/\\\/www.kathtreff.org\\\/blog\\\/#website\"},\"primaryImageOfPage\":{\"@id\":\"https:\\\/\\\/www.kathtreff.org\\\/blog\\\/wie-passen-freiheit-und-bindung-im-leben-zusammen\\\/#primaryimage\"},\"image\":{\"@id\":\"https:\\\/\\\/www.kathtreff.org\\\/blog\\\/wie-passen-freiheit-und-bindung-im-leben-zusammen\\\/#primaryimage\"},\"thumbnailUrl\":\"https:\\\/\\\/www.kathtreff.org\\\/blog\\\/wp-content\\\/uploads\\\/2020\\\/11\\\/Spaemann-Video.png\",\"datePublished\":\"2020-11-09T08:26:25+00:00\",\"dateModified\":\"2020-11-09T08:26:26+00:00\",\"author\":{\"@id\":\"https:\\\/\\\/www.kathtreff.org\\\/blog\\\/#\\\/schema\\\/person\\\/3d0d193090d342d7050d69fe5195501d\"},\"breadcrumb\":{\"@id\":\"https:\\\/\\\/www.kathtreff.org\\\/blog\\\/wie-passen-freiheit-und-bindung-im-leben-zusammen\\\/#breadcrumb\"},\"inLanguage\":\"de\",\"potentialAction\":[{\"@type\":\"ReadAction\",\"target\":[\"https:\\\/\\\/www.kathtreff.org\\\/blog\\\/wie-passen-freiheit-und-bindung-im-leben-zusammen\\\/\"]}]},{\"@type\":\"ImageObject\",\"inLanguage\":\"de\",\"@id\":\"https:\\\/\\\/www.kathtreff.org\\\/blog\\\/wie-passen-freiheit-und-bindung-im-leben-zusammen\\\/#primaryimage\",\"url\":\"https:\\\/\\\/www.kathtreff.org\\\/blog\\\/wp-content\\\/uploads\\\/2020\\\/11\\\/Spaemann-Video.png\",\"contentUrl\":\"https:\\\/\\\/www.kathtreff.org\\\/blog\\\/wp-content\\\/uploads\\\/2020\\\/11\\\/Spaemann-Video.png\",\"width\":831,\"height\":588},{\"@type\":\"BreadcrumbList\",\"@id\":\"https:\\\/\\\/www.kathtreff.org\\\/blog\\\/wie-passen-freiheit-und-bindung-im-leben-zusammen\\\/#breadcrumb\",\"itemListElement\":[{\"@type\":\"ListItem\",\"position\":1,\"name\":\"Home\",\"item\":\"https:\\\/\\\/www.kathtreff.org\\\/blog\\\/\"},{\"@type\":\"ListItem\",\"position\":2,\"name\":\"Wie passen Freiheit und Bindung im Leben zusammen?\"}]},{\"@type\":\"WebSite\",\"@id\":\"https:\\\/\\\/www.kathtreff.org\\\/blog\\\/#website\",\"url\":\"https:\\\/\\\/www.kathtreff.org\\\/blog\\\/\",\"name\":\"kathTreff Blog\",\"description\":\"Partnersuche f\u00fcr katholische Singles\",\"potentialAction\":[{\"@type\":\"SearchAction\",\"target\":{\"@type\":\"EntryPoint\",\"urlTemplate\":\"https:\\\/\\\/www.kathtreff.org\\\/blog\\\/?s={search_term_string}\"},\"query-input\":{\"@type\":\"PropertyValueSpecification\",\"valueRequired\":true,\"valueName\":\"search_term_string\"}}],\"inLanguage\":\"de\"},{\"@type\":\"Person\",\"@id\":\"https:\\\/\\\/www.kathtreff.org\\\/blog\\\/#\\\/schema\\\/person\\\/3d0d193090d342d7050d69fe5195501d\",\"name\":\"kathTreff Office\",\"image\":{\"@type\":\"ImageObject\",\"inLanguage\":\"de\",\"@id\":\"https:\\\/\\\/secure.gravatar.com\\\/avatar\\\/b24165eda34d07f0ae23b51332709e2a63d3b87267604d04c369c2f4281a3630?s=96&d=mm&r=g\",\"url\":\"https:\\\/\\\/secure.gravatar.com\\\/avatar\\\/b24165eda34d07f0ae23b51332709e2a63d3b87267604d04c369c2f4281a3630?s=96&d=mm&r=g\",\"contentUrl\":\"https:\\\/\\\/secure.gravatar.com\\\/avatar\\\/b24165eda34d07f0ae23b51332709e2a63d3b87267604d04c369c2f4281a3630?s=96&d=mm&r=g\",\"caption\":\"kathTreff Office\"},\"url\":\"https:\\\/\\\/www.kathtreff.org\\\/blog\\\/author\\\/kathtreff-office\\\/\"}]}<\/script>\n<!-- \/ Yoast SEO plugin. -->","yoast_head_json":{"title":"Wie passen Freiheit und Bindung im Leben zusammen? - kathTreff Blog","robots":{"index":"index","follow":"follow","max-snippet":"max-snippet:-1","max-image-preview":"max-image-preview:large","max-video-preview":"max-video-preview:-1"},"canonical":"https:\/\/www.kathtreff.org\/blog\/wie-passen-freiheit-und-bindung-im-leben-zusammen\/","twitter_misc":{"Verfasst von":"kathTreff Office"},"schema":{"@context":"https:\/\/schema.org","@graph":[{"@type":"Article","@id":"https:\/\/www.kathtreff.org\/blog\/wie-passen-freiheit-und-bindung-im-leben-zusammen\/#article","isPartOf":{"@id":"https:\/\/www.kathtreff.org\/blog\/wie-passen-freiheit-und-bindung-im-leben-zusammen\/"},"author":{"name":"kathTreff Office","@id":"https:\/\/www.kathtreff.org\/blog\/#\/schema\/person\/3d0d193090d342d7050d69fe5195501d"},"headline":"Wie passen Freiheit und Bindung im Leben zusammen?","datePublished":"2020-11-09T08:26:25+00:00","dateModified":"2020-11-09T08:26:26+00:00","mainEntityOfPage":{"@id":"https:\/\/www.kathtreff.org\/blog\/wie-passen-freiheit-und-bindung-im-leben-zusammen\/"},"wordCount":83,"commentCount":0,"image":{"@id":"https:\/\/www.kathtreff.org\/blog\/wie-passen-freiheit-und-bindung-im-leben-zusammen\/#primaryimage"},"thumbnailUrl":"https:\/\/www.kathtreff.org\/blog\/wp-content\/uploads\/2020\/11\/Spaemann-Video.png","articleSection":["Uncategorized"],"inLanguage":"de","potentialAction":[{"@type":"CommentAction","name":"Comment","target":["https:\/\/www.kathtreff.org\/blog\/wie-passen-freiheit-und-bindung-im-leben-zusammen\/#respond"]}]},{"@type":"WebPage","@id":"https:\/\/www.kathtreff.org\/blog\/wie-passen-freiheit-und-bindung-im-leben-zusammen\/","url":"https:\/\/www.kathtreff.org\/blog\/wie-passen-freiheit-und-bindung-im-leben-zusammen\/","name":"Wie passen Freiheit und Bindung im Leben zusammen? - kathTreff Blog","isPartOf":{"@id":"https:\/\/www.kathtreff.org\/blog\/#website"},"primaryImageOfPage":{"@id":"https:\/\/www.kathtreff.org\/blog\/wie-passen-freiheit-und-bindung-im-leben-zusammen\/#primaryimage"},"image":{"@id":"https:\/\/www.kathtreff.org\/blog\/wie-passen-freiheit-und-bindung-im-leben-zusammen\/#primaryimage"},"thumbnailUrl":"https:\/\/www.kathtreff.org\/blog\/wp-content\/uploads\/2020\/11\/Spaemann-Video.png","datePublished":"2020-11-09T08:26:25+00:00","dateModified":"2020-11-09T08:26:26+00:00","author":{"@id":"https:\/\/www.kathtreff.org\/blog\/#\/schema\/person\/3d0d193090d342d7050d69fe5195501d"},"breadcrumb":{"@id":"https:\/\/www.kathtreff.org\/blog\/wie-passen-freiheit-und-bindung-im-leben-zusammen\/#breadcrumb"},"inLanguage":"de","potentialAction":[{"@type":"ReadAction","target":["https:\/\/www.kathtreff.org\/blog\/wie-passen-freiheit-und-bindung-im-leben-zusammen\/"]}]},{"@type":"ImageObject","inLanguage":"de","@id":"https:\/\/www.kathtreff.org\/blog\/wie-passen-freiheit-und-bindung-im-leben-zusammen\/#primaryimage","url":"https:\/\/www.kathtreff.org\/blog\/wp-content\/uploads\/2020\/11\/Spaemann-Video.png","contentUrl":"https:\/\/www.kathtreff.org\/blog\/wp-content\/uploads\/2020\/11\/Spaemann-Video.png","width":831,"height":588},{"@type":"BreadcrumbList","@id":"https:\/\/www.kathtreff.org\/blog\/wie-passen-freiheit-und-bindung-im-leben-zusammen\/#breadcrumb","itemListElement":[{"@type":"ListItem","position":1,"name":"Home","item":"https:\/\/www.kathtreff.org\/blog\/"},{"@type":"ListItem","position":2,"name":"Wie passen Freiheit und Bindung im Leben zusammen?"}]},{"@type":"WebSite","@id":"https:\/\/www.kathtreff.org\/blog\/#website","url":"https:\/\/www.kathtreff.org\/blog\/","name":"kathTreff Blog","description":"Partnersuche f\u00fcr katholische Singles","potentialAction":[{"@type":"SearchAction","target":{"@type":"EntryPoint","urlTemplate":"https:\/\/www.kathtreff.org\/blog\/?s={search_term_string}"},"query-input":{"@type":"PropertyValueSpecification","valueRequired":true,"valueName":"search_term_string"}}],"inLanguage":"de"},{"@type":"Person","@id":"https:\/\/www.kathtreff.org\/blog\/#\/schema\/person\/3d0d193090d342d7050d69fe5195501d","name":"kathTreff Office","image":{"@type":"ImageObject","inLanguage":"de","@id":"https:\/\/secure.gravatar.com\/avatar\/b24165eda34d07f0ae23b51332709e2a63d3b87267604d04c369c2f4281a3630?s=96&d=mm&r=g","url":"https:\/\/secure.gravatar.com\/avatar\/b24165eda34d07f0ae23b51332709e2a63d3b87267604d04c369c2f4281a3630?s=96&d=mm&r=g","contentUrl":"https:\/\/secure.gravatar.com\/avatar\/b24165eda34d07f0ae23b51332709e2a63d3b87267604d04c369c2f4281a3630?s=96&d=mm&r=g","caption":"kathTreff Office"},"url":"https:\/\/www.kathtreff.org\/blog\/author\/kathtreff-office\/"}]}},"_links":{"self":[{"href":"https:\/\/www.kathtreff.org\/blog\/wp-json\/wp\/v2\/posts\/2635","targetHints":{"allow":["GET"]}}],"collection":[{"href":"https:\/\/www.kathtreff.org\/blog\/wp-json\/wp\/v2\/posts"}],"about":[{"href":"https:\/\/www.kathtreff.org\/blog\/wp-json\/wp\/v2\/types\/post"}],"author":[{"embeddable":true,"href":"https:\/\/www.kathtreff.org\/blog\/wp-json\/wp\/v2\/users\/3"}],"replies":[{"embeddable":true,"href":"https:\/\/www.kathtreff.org\/blog\/wp-json\/wp\/v2\/comments?post=2635"}],"version-history":[{"count":2,"href":"https:\/\/www.kathtreff.org\/blog\/wp-json\/wp\/v2\/posts\/2635\/revisions"}],"predecessor-version":[{"id":2637,"href":"https:\/\/www.kathtreff.org\/blog\/wp-json\/wp\/v2\/posts\/2635\/revisions\/2637"}],"wp:featuredmedia":[{"embeddable":true,"href":"https:\/\/www.kathtreff.org\/blog\/wp-json\/wp\/v2\/media\/2638"}],"wp:attachment":[{"href":"https:\/\/www.kathtreff.org\/blog\/wp-json\/wp\/v2\/media?parent=2635"}],"wp:term":[{"taxonomy":"category","embeddable":true,"href":"https:\/\/www.kathtreff.org\/blog\/wp-json\/wp\/v2\/categories?post=2635"},{"taxonomy":"post_tag","embeddable":true,"href":"https:\/\/www.kathtreff.org\/blog\/wp-json\/wp\/v2\/tags?post=2635"},{"taxonomy":"promotion","embeddable":true,"href":"https:\/\/www.kathtreff.org\/blog\/wp-json\/wp\/v2\/promotion?post=2635"}],"curies":[{"name":"wp","href":"https:\/\/api.w.org\/{rel}","templated":true}]}}