{"id":2569,"date":"2020-04-27T18:09:20","date_gmt":"2020-04-27T17:09:20","guid":{"rendered":"https:\/\/www.kathtreff.org\/blog\/?p=2569"},"modified":"2020-04-23T22:09:36","modified_gmt":"2020-04-23T21:09:36","slug":"gott-und-die-krise-teil-5-offene-arme","status":"publish","type":"post","link":"https:\/\/www.kathtreff.org\/blog\/gott-und-die-krise-teil-5-offene-arme\/","title":{"rendered":"Gott und die Krise. Teil 5. Offene Arme."},"content":{"rendered":"\n<p><strong>Wege in die innere Freiheit:<\/strong> Gedanken von Anja Hoffmann<\/p>\n\n\n\n<p><a href=\"http:\/\/gott-und-die-krise-teil-4-die-alten-prinzipien\">(Teil 4 &#8211; Die alten Prinzipien &#8211; lesen)<\/a><\/p>\n\n\n\n<p><strong>Der Weg der Dankbarkeit:<\/strong><\/p>\n\n\n\n<p>Am Beginn des R\u00f6merbriefes schreibt der Apostel Paulus von der Schuld des Menschen und gibt uns einen wichtigen Hinweis \u00fcber den Zusammenhang zwischen Undank, Gier und S\u00fcnde: Obwohl der Mensch Gott durch die Sch\u00f6pfung erkennen muss, ist er schuldig geworden, da er Gott nicht&nbsp;<strong>gedankt<\/strong>&nbsp;hat. Die normale Reaktion auf die Sch\u00f6nheit der Sch\u00f6pfung sollte Dankbarkeit Gott gegen\u00fcber sein. Der Mangel an Dank Gott gegen\u00fcber wiederum f\u00fchrt den Menschen in die Dunkelheit der Begierden seines Herzens.<\/p>\n\n\n\n<p>\u201eSeit Erschaffung der Welt wird seine unsichtbare Wirklichkeit an den Werken der Sch\u00f6pfung mit der Vernunft wahrgenommen, seine ewige Macht und Gottheit. Daher sind sie unentschuldbar.&nbsp;<strong>Denn sie haben Gott erkannt, ihn aber nicht als Gott geehrt und ihm nicht gedankt.<\/strong>&nbsp;Sie verfielen in ihrem Denken der Nichtigkeit und ihr unverst\u00e4ndiges Herz wurde verfinstert. Sie behaupteten, weise zu sein, und wurden zu Toren. Sie vertauschten die Herrlichkeit des unverg\u00e4nglichen Gottes mit Bildern, die einen verg\u00e4nglichen Menschen und fliegende, vierf\u00fc\u00dfige und kriechende Tiere darstellen. Darum lieferte Gott sie&nbsp;<strong>durch die Begierden ihres Herzens<\/strong>&nbsp;der Unreinheit aus, sodass sie ihren Leib durch ihr eigenes Tun entehrten. Sie vertauschten die Wahrheit Gottes mit der L\u00fcge, sie&nbsp;<strong>beteten das Gesch\u00f6pf an<\/strong>&nbsp;und&nbsp;<strong>verehrten es anstelle des Sch\u00f6pfers<\/strong>&nbsp;\u2013 gepriesen ist er in Ewigkeit. Amen.\u201c<br>(R\u00f6mer 1, 20-24)<\/p>\n\n\n\n<p>Im Dank erkenne ich an, dass ich Gesch\u00f6pf bin. Dass ich mir das Leben nicht selbst gegeben habe. Dass nichts von dem, was ich mein Eigen nenne, mir wirklich geh\u00f6rt. Dass alles Gnade ist.<\/p>\n\n\n\n<p>Dank lehrt mich mit dem, was mir anvertraut ist, freigiebig zu sein. Dank weckt in mir die Sehnsucht als Antwort auf die Liebe Jesu, der Sein Leben f\u00fcr mich gab, auch mein Leben zu geben. Wer dankbar alles aus der Hand des Vaters empf\u00e4ngt wird frei sein von Gier und irdischer Gebundenheit.<\/p>\n\n\n\n<p><strong>Der Weg der Freigiebigkeit:<\/strong><\/p>\n\n\n\n<p>Und schlie\u00dflich, ganz praktisch: Einfach etwas hergeben. Geben tut etwas mit uns. Gerade die derzeitige Krise ist ein guter Anlass, den Herrn zu fragen, ob und wo wir finanziell oder materiell helfen sollen. Das Geben erinnert uns daran, dass wir nur Verwalter sind, dass eigentlich alles Gott geh\u00f6rt.<\/p>\n\n\n\n<p>Im Alten Testament finden wir das Gebot an das Volk Israel, den zehnten Teil aller Einnahmen dem Herrn zur\u00fcckzugeben. Diese Praxis ehrt Gott und kann f\u00fcr uns ein Ausweg daraus sein, unser Herz an irdische G\u00fcter zu h\u00e4ngen. Im Buch Maleachi lesen wir in Kapitel 3 etwas sehr Interessantes \u00fcber den Zehent. Es ist \u2013 so hat man mir gesagt \u2013 die einzige Stelle in der ganzen Bibel wo Gott uns herausfordert, ihn auf die Probe zu stellen:&nbsp;<\/p>\n\n\n\n<p><em>\u201eBringt den ganzen Zehnten ins Vorratshaus, damit in meinem Haus Nahrung vorhanden ist. Ja, stellt mich auf die Probe damit, spricht der Herr der Heere, und wartet, ob ich euch dann nicht \/ die Schleusen des Himmels \u00f6ffne und Segen im \u00dcberma\u00df auf euch herabsch\u00fctte. Den Fresser wehre ich von euch ab, damit er nicht die Fr\u00fcchte eurer \u00c4cker vertilgt und damit der Weinstock auf eurem Feld nicht ohne Ertrag bleibt, spricht der Herr der Heere.\u201c<\/em><br>(Maleachi 3, 10-11)<\/p>\n\n\n\n<p><strong>Interessant wie die Freigiebigkeit direkt mit dem Segen Gottes verbunden \u2013 und auch mit der Abwehr von Katastrophen!<\/strong><\/p>\n\n\n\n<p>Es ist, wie wenn man die Arme \u00f6ffnet&#8230; um empfangen zu k\u00f6nnen, um umarmen zu k\u00f6nnen. <strong>Eine ganz gro\u00dfe innere Freiheit. <\/strong><\/p>\n","protected":false},"excerpt":{"rendered":"<p>Wege in die innere Freiheit: Gedanken von Anja Hoffmann (Teil 4 &#8211; Die alten Prinzipien &#8211; lesen) Der Weg der Dankbarkeit: Am Beginn des R\u00f6merbriefes schreibt der Apostel Paulus von der Schuld des Menschen und gibt uns einen wichtigen Hinweis \u00fcber den Zusammenhang zwischen Undank, Gier und S\u00fcnde: Obwohl der Mensch Gott durch die Sch\u00f6pfung [&hellip;]<\/p>\n","protected":false},"author":2,"featured_media":2578,"comment_status":"open","ping_status":"open","sticky":false,"template":"","format":"standard","meta":{"_genesis_hide_title":false,"_genesis_hide_breadcrumbs":false,"_genesis_hide_singular_image":false,"_genesis_hide_footer_widgets":false,"_genesis_custom_body_class":"","_genesis_custom_post_class":"","_genesis_layout":"","footnotes":""},"categories":[4,1],"tags":[],"promotion":[],"class_list":{"0":"post-2569","1":"post","2":"type-post","3":"status-publish","4":"format-standard","5":"has-post-thumbnail","7":"category-single-leben","8":"category-uncategorized","9":"entry"},"yoast_head":"<!-- This site is optimized with the Yoast SEO plugin v27.4 - https:\/\/yoast.com\/product\/yoast-seo-wordpress\/ -->\n<title>Gott und die Krise. Teil 5. Offene Arme. - kathTreff Blog<\/title>\n<meta name=\"robots\" content=\"index, follow, max-snippet:-1, max-image-preview:large, max-video-preview:-1\" \/>\n<link rel=\"canonical\" href=\"https:\/\/www.kathtreff.org\/blog\/gott-und-die-krise-teil-5-offene-arme\/\" \/>\n<meta name=\"twitter:label1\" content=\"Verfasst von\" \/>\n\t<meta name=\"twitter:data1\" content=\"Gudrun Kugler\" \/>\n\t<meta name=\"twitter:label2\" content=\"Gesch\u00e4tzte Lesezeit\" \/>\n\t<meta name=\"twitter:data2\" content=\"3\u00a0Minuten\" \/>\n<script type=\"application\/ld+json\" class=\"yoast-schema-graph\">{\"@context\":\"https:\\\/\\\/schema.org\",\"@graph\":[{\"@type\":\"Article\",\"@id\":\"https:\\\/\\\/www.kathtreff.org\\\/blog\\\/gott-und-die-krise-teil-5-offene-arme\\\/#article\",\"isPartOf\":{\"@id\":\"https:\\\/\\\/www.kathtreff.org\\\/blog\\\/gott-und-die-krise-teil-5-offene-arme\\\/\"},\"author\":{\"name\":\"Gudrun Kugler\",\"@id\":\"https:\\\/\\\/www.kathtreff.org\\\/blog\\\/#\\\/schema\\\/person\\\/a9a9e850ffe37a58e9703ea081de5f33\"},\"headline\":\"Gott und die Krise. Teil 5. Offene Arme.\",\"datePublished\":\"2020-04-27T17:09:20+00:00\",\"mainEntityOfPage\":{\"@id\":\"https:\\\/\\\/www.kathtreff.org\\\/blog\\\/gott-und-die-krise-teil-5-offene-arme\\\/\"},\"wordCount\":605,\"commentCount\":1,\"image\":{\"@id\":\"https:\\\/\\\/www.kathtreff.org\\\/blog\\\/gott-und-die-krise-teil-5-offene-arme\\\/#primaryimage\"},\"thumbnailUrl\":\"https:\\\/\\\/www.kathtreff.org\\\/blog\\\/wp-content\\\/uploads\\\/2020\\\/04\\\/decisions-2709671_1920.jpg\",\"articleSection\":[\"Single leben\",\"Uncategorized\"],\"inLanguage\":\"de\",\"potentialAction\":[{\"@type\":\"CommentAction\",\"name\":\"Comment\",\"target\":[\"https:\\\/\\\/www.kathtreff.org\\\/blog\\\/gott-und-die-krise-teil-5-offene-arme\\\/#respond\"]}]},{\"@type\":\"WebPage\",\"@id\":\"https:\\\/\\\/www.kathtreff.org\\\/blog\\\/gott-und-die-krise-teil-5-offene-arme\\\/\",\"url\":\"https:\\\/\\\/www.kathtreff.org\\\/blog\\\/gott-und-die-krise-teil-5-offene-arme\\\/\",\"name\":\"Gott und die Krise. Teil 5. Offene Arme. - kathTreff Blog\",\"isPartOf\":{\"@id\":\"https:\\\/\\\/www.kathtreff.org\\\/blog\\\/#website\"},\"primaryImageOfPage\":{\"@id\":\"https:\\\/\\\/www.kathtreff.org\\\/blog\\\/gott-und-die-krise-teil-5-offene-arme\\\/#primaryimage\"},\"image\":{\"@id\":\"https:\\\/\\\/www.kathtreff.org\\\/blog\\\/gott-und-die-krise-teil-5-offene-arme\\\/#primaryimage\"},\"thumbnailUrl\":\"https:\\\/\\\/www.kathtreff.org\\\/blog\\\/wp-content\\\/uploads\\\/2020\\\/04\\\/decisions-2709671_1920.jpg\",\"datePublished\":\"2020-04-27T17:09:20+00:00\",\"author\":{\"@id\":\"https:\\\/\\\/www.kathtreff.org\\\/blog\\\/#\\\/schema\\\/person\\\/a9a9e850ffe37a58e9703ea081de5f33\"},\"breadcrumb\":{\"@id\":\"https:\\\/\\\/www.kathtreff.org\\\/blog\\\/gott-und-die-krise-teil-5-offene-arme\\\/#breadcrumb\"},\"inLanguage\":\"de\",\"potentialAction\":[{\"@type\":\"ReadAction\",\"target\":[\"https:\\\/\\\/www.kathtreff.org\\\/blog\\\/gott-und-die-krise-teil-5-offene-arme\\\/\"]}]},{\"@type\":\"ImageObject\",\"inLanguage\":\"de\",\"@id\":\"https:\\\/\\\/www.kathtreff.org\\\/blog\\\/gott-und-die-krise-teil-5-offene-arme\\\/#primaryimage\",\"url\":\"https:\\\/\\\/www.kathtreff.org\\\/blog\\\/wp-content\\\/uploads\\\/2020\\\/04\\\/decisions-2709671_1920.jpg\",\"contentUrl\":\"https:\\\/\\\/www.kathtreff.org\\\/blog\\\/wp-content\\\/uploads\\\/2020\\\/04\\\/decisions-2709671_1920.jpg\",\"width\":1920,\"height\":855},{\"@type\":\"BreadcrumbList\",\"@id\":\"https:\\\/\\\/www.kathtreff.org\\\/blog\\\/gott-und-die-krise-teil-5-offene-arme\\\/#breadcrumb\",\"itemListElement\":[{\"@type\":\"ListItem\",\"position\":1,\"name\":\"Home\",\"item\":\"https:\\\/\\\/www.kathtreff.org\\\/blog\\\/\"},{\"@type\":\"ListItem\",\"position\":2,\"name\":\"Gott und die Krise. Teil 5. Offene Arme.\"}]},{\"@type\":\"WebSite\",\"@id\":\"https:\\\/\\\/www.kathtreff.org\\\/blog\\\/#website\",\"url\":\"https:\\\/\\\/www.kathtreff.org\\\/blog\\\/\",\"name\":\"kathTreff Blog\",\"description\":\"Partnersuche f\u00fcr katholische Singles\",\"potentialAction\":[{\"@type\":\"SearchAction\",\"target\":{\"@type\":\"EntryPoint\",\"urlTemplate\":\"https:\\\/\\\/www.kathtreff.org\\\/blog\\\/?s={search_term_string}\"},\"query-input\":{\"@type\":\"PropertyValueSpecification\",\"valueRequired\":true,\"valueName\":\"search_term_string\"}}],\"inLanguage\":\"de\"},{\"@type\":\"Person\",\"@id\":\"https:\\\/\\\/www.kathtreff.org\\\/blog\\\/#\\\/schema\\\/person\\\/a9a9e850ffe37a58e9703ea081de5f33\",\"name\":\"Gudrun Kugler\",\"image\":{\"@type\":\"ImageObject\",\"inLanguage\":\"de\",\"@id\":\"https:\\\/\\\/secure.gravatar.com\\\/avatar\\\/7c04d6fc65a215eb07cad8d69adaad970edf78f002e2ef97dd03a6bbe75e5b48?s=96&d=mm&r=g\",\"url\":\"https:\\\/\\\/secure.gravatar.com\\\/avatar\\\/7c04d6fc65a215eb07cad8d69adaad970edf78f002e2ef97dd03a6bbe75e5b48?s=96&d=mm&r=g\",\"contentUrl\":\"https:\\\/\\\/secure.gravatar.com\\\/avatar\\\/7c04d6fc65a215eb07cad8d69adaad970edf78f002e2ef97dd03a6bbe75e5b48?s=96&d=mm&r=g\",\"caption\":\"Gudrun Kugler\"},\"sameAs\":[\"http:\\\/\\\/kathtreff.org\"],\"url\":\"https:\\\/\\\/www.kathtreff.org\\\/blog\\\/author\\\/gudrun\\\/\"}]}<\/script>\n<!-- \/ Yoast SEO plugin. -->","yoast_head_json":{"title":"Gott und die Krise. Teil 5. Offene Arme. - kathTreff Blog","robots":{"index":"index","follow":"follow","max-snippet":"max-snippet:-1","max-image-preview":"max-image-preview:large","max-video-preview":"max-video-preview:-1"},"canonical":"https:\/\/www.kathtreff.org\/blog\/gott-und-die-krise-teil-5-offene-arme\/","twitter_misc":{"Verfasst von":"Gudrun Kugler","Gesch\u00e4tzte Lesezeit":"3\u00a0Minuten"},"schema":{"@context":"https:\/\/schema.org","@graph":[{"@type":"Article","@id":"https:\/\/www.kathtreff.org\/blog\/gott-und-die-krise-teil-5-offene-arme\/#article","isPartOf":{"@id":"https:\/\/www.kathtreff.org\/blog\/gott-und-die-krise-teil-5-offene-arme\/"},"author":{"name":"Gudrun Kugler","@id":"https:\/\/www.kathtreff.org\/blog\/#\/schema\/person\/a9a9e850ffe37a58e9703ea081de5f33"},"headline":"Gott und die Krise. Teil 5. Offene Arme.","datePublished":"2020-04-27T17:09:20+00:00","mainEntityOfPage":{"@id":"https:\/\/www.kathtreff.org\/blog\/gott-und-die-krise-teil-5-offene-arme\/"},"wordCount":605,"commentCount":1,"image":{"@id":"https:\/\/www.kathtreff.org\/blog\/gott-und-die-krise-teil-5-offene-arme\/#primaryimage"},"thumbnailUrl":"https:\/\/www.kathtreff.org\/blog\/wp-content\/uploads\/2020\/04\/decisions-2709671_1920.jpg","articleSection":["Single leben","Uncategorized"],"inLanguage":"de","potentialAction":[{"@type":"CommentAction","name":"Comment","target":["https:\/\/www.kathtreff.org\/blog\/gott-und-die-krise-teil-5-offene-arme\/#respond"]}]},{"@type":"WebPage","@id":"https:\/\/www.kathtreff.org\/blog\/gott-und-die-krise-teil-5-offene-arme\/","url":"https:\/\/www.kathtreff.org\/blog\/gott-und-die-krise-teil-5-offene-arme\/","name":"Gott und die Krise. Teil 5. Offene Arme. - kathTreff Blog","isPartOf":{"@id":"https:\/\/www.kathtreff.org\/blog\/#website"},"primaryImageOfPage":{"@id":"https:\/\/www.kathtreff.org\/blog\/gott-und-die-krise-teil-5-offene-arme\/#primaryimage"},"image":{"@id":"https:\/\/www.kathtreff.org\/blog\/gott-und-die-krise-teil-5-offene-arme\/#primaryimage"},"thumbnailUrl":"https:\/\/www.kathtreff.org\/blog\/wp-content\/uploads\/2020\/04\/decisions-2709671_1920.jpg","datePublished":"2020-04-27T17:09:20+00:00","author":{"@id":"https:\/\/www.kathtreff.org\/blog\/#\/schema\/person\/a9a9e850ffe37a58e9703ea081de5f33"},"breadcrumb":{"@id":"https:\/\/www.kathtreff.org\/blog\/gott-und-die-krise-teil-5-offene-arme\/#breadcrumb"},"inLanguage":"de","potentialAction":[{"@type":"ReadAction","target":["https:\/\/www.kathtreff.org\/blog\/gott-und-die-krise-teil-5-offene-arme\/"]}]},{"@type":"ImageObject","inLanguage":"de","@id":"https:\/\/www.kathtreff.org\/blog\/gott-und-die-krise-teil-5-offene-arme\/#primaryimage","url":"https:\/\/www.kathtreff.org\/blog\/wp-content\/uploads\/2020\/04\/decisions-2709671_1920.jpg","contentUrl":"https:\/\/www.kathtreff.org\/blog\/wp-content\/uploads\/2020\/04\/decisions-2709671_1920.jpg","width":1920,"height":855},{"@type":"BreadcrumbList","@id":"https:\/\/www.kathtreff.org\/blog\/gott-und-die-krise-teil-5-offene-arme\/#breadcrumb","itemListElement":[{"@type":"ListItem","position":1,"name":"Home","item":"https:\/\/www.kathtreff.org\/blog\/"},{"@type":"ListItem","position":2,"name":"Gott und die Krise. Teil 5. Offene Arme."}]},{"@type":"WebSite","@id":"https:\/\/www.kathtreff.org\/blog\/#website","url":"https:\/\/www.kathtreff.org\/blog\/","name":"kathTreff Blog","description":"Partnersuche f\u00fcr katholische Singles","potentialAction":[{"@type":"SearchAction","target":{"@type":"EntryPoint","urlTemplate":"https:\/\/www.kathtreff.org\/blog\/?s={search_term_string}"},"query-input":{"@type":"PropertyValueSpecification","valueRequired":true,"valueName":"search_term_string"}}],"inLanguage":"de"},{"@type":"Person","@id":"https:\/\/www.kathtreff.org\/blog\/#\/schema\/person\/a9a9e850ffe37a58e9703ea081de5f33","name":"Gudrun Kugler","image":{"@type":"ImageObject","inLanguage":"de","@id":"https:\/\/secure.gravatar.com\/avatar\/7c04d6fc65a215eb07cad8d69adaad970edf78f002e2ef97dd03a6bbe75e5b48?s=96&d=mm&r=g","url":"https:\/\/secure.gravatar.com\/avatar\/7c04d6fc65a215eb07cad8d69adaad970edf78f002e2ef97dd03a6bbe75e5b48?s=96&d=mm&r=g","contentUrl":"https:\/\/secure.gravatar.com\/avatar\/7c04d6fc65a215eb07cad8d69adaad970edf78f002e2ef97dd03a6bbe75e5b48?s=96&d=mm&r=g","caption":"Gudrun Kugler"},"sameAs":["http:\/\/kathtreff.org"],"url":"https:\/\/www.kathtreff.org\/blog\/author\/gudrun\/"}]}},"_links":{"self":[{"href":"https:\/\/www.kathtreff.org\/blog\/wp-json\/wp\/v2\/posts\/2569","targetHints":{"allow":["GET"]}}],"collection":[{"href":"https:\/\/www.kathtreff.org\/blog\/wp-json\/wp\/v2\/posts"}],"about":[{"href":"https:\/\/www.kathtreff.org\/blog\/wp-json\/wp\/v2\/types\/post"}],"author":[{"embeddable":true,"href":"https:\/\/www.kathtreff.org\/blog\/wp-json\/wp\/v2\/users\/2"}],"replies":[{"embeddable":true,"href":"https:\/\/www.kathtreff.org\/blog\/wp-json\/wp\/v2\/comments?post=2569"}],"version-history":[{"count":3,"href":"https:\/\/www.kathtreff.org\/blog\/wp-json\/wp\/v2\/posts\/2569\/revisions"}],"predecessor-version":[{"id":2586,"href":"https:\/\/www.kathtreff.org\/blog\/wp-json\/wp\/v2\/posts\/2569\/revisions\/2586"}],"wp:featuredmedia":[{"embeddable":true,"href":"https:\/\/www.kathtreff.org\/blog\/wp-json\/wp\/v2\/media\/2578"}],"wp:attachment":[{"href":"https:\/\/www.kathtreff.org\/blog\/wp-json\/wp\/v2\/media?parent=2569"}],"wp:term":[{"taxonomy":"category","embeddable":true,"href":"https:\/\/www.kathtreff.org\/blog\/wp-json\/wp\/v2\/categories?post=2569"},{"taxonomy":"post_tag","embeddable":true,"href":"https:\/\/www.kathtreff.org\/blog\/wp-json\/wp\/v2\/tags?post=2569"},{"taxonomy":"promotion","embeddable":true,"href":"https:\/\/www.kathtreff.org\/blog\/wp-json\/wp\/v2\/promotion?post=2569"}],"curies":[{"name":"wp","href":"https:\/\/api.w.org\/{rel}","templated":true}]}}