{"id":2409,"date":"2019-12-28T10:55:55","date_gmt":"2019-12-28T09:55:55","guid":{"rendered":"https:\/\/www.kathtreff.org\/blog\/?p=2409"},"modified":"2019-12-23T10:59:25","modified_gmt":"2019-12-23T09:59:25","slug":"75-jahre-von-guten-machten-treu-und-still-umgeben","status":"publish","type":"post","link":"https:\/\/www.kathtreff.org\/blog\/75-jahre-von-guten-machten-treu-und-still-umgeben\/","title":{"rendered":"75 Jahre \u201eVon guten M\u00e4chten treu und still umgeben\u201c"},"content":{"rendered":"\n<p>In der Gestapo-Haft schrieb&nbsp;der evangelische Theologen und&nbsp;NS-Widerstandsk\u00e4mpfers&nbsp;Dietrich Bonhoeffer&nbsp;im Dezember 1944 sein letztes erhaltenes Gedicht. Am 9.&nbsp;April 1945 wurde er hingerichtet. Sein Vertrauen und seine Liebe waren unersch\u00fctterlich. Wieviel leichter ist es f\u00fcr uns heute, in allen Dingen darauf zu vertrauen, dass wir uns in Gottes liebender Hand befinden. Und dass alles jenen zum Guten gereicht, die Gott lieben.&nbsp;<\/p>\n\n\n\n<p>Zum Lied auf youtube:&nbsp;<a href=\"https:\/\/www.youtube.com\/watch?v=aN7dGz6NH5M\">https:\/\/www.youtube.com\/watch?v=aN7dGz6NH5M<\/a><\/p>\n\n\n\n<p><strong>Von guten M\u00e4chten treu und still umgeben<\/strong><\/p>\n\n\n\n<p>1. Von guten M\u00e4chten treu und still umgeben,<br>beh\u00fctet und getr\u00f6stet wunderbar,<br>so will ich diese Tage mit euch leben<br>und mit euch gehen in ein neues Jahr.<br><br>2. Noch will das alte&nbsp;unsre Herzen qu\u00e4len,<br>noch dr\u00fcckt uns b\u00f6ser Tage schwere Last.<br>Ach Herr, gib unsern aufgeschreckten&nbsp;Seelen<br>das Heil, f\u00fcr das du uns geschaffen&nbsp;hast.<br><br>3. Und reichst du uns den schweren Kelch, den bittern<br>des Leids, gef\u00fcllt bis an den h\u00f6chsten Rand,<br>so nehmen wir ihn dankbar ohne Zittern<br>aus deiner guten und geliebten Hand.<br><br>4. Doch willst du uns noch einmal Freude schenken<br>an dieser Welt und ihrer Sonne Glanz,<br>dann wolln wir des Vergangenen gedenken,<br>und dann geh\u00f6rt dir unser Leben ganz.<br><br>5. La\u00df warm und hell<sup>&nbsp;<\/sup>die Kerzen heute flammen,<br>die du in unsre Dunkelheit gebracht,<br>f\u00fchr, wenn es sein kann, wieder uns zusammen.<br>Wir wissen es, dein Licht scheint in der Nacht.<br><br>6. Wenn sich die Stille nun tief um uns breitet,<br>so la\u00df uns h\u00f6ren jenen vollen Klang<br>der Welt, die unsichtbar sich um uns weitet,<br>all deiner Kinder hohen Lobgesang.<br><br>7. Von guten M\u00e4chten wunderbar geborgen,<br>erwarten wir getrost, was kommen mag.<br>Gott ist bei<sup>&nbsp;<\/sup>uns am Abend und am Morgen<br>und ganz gewi\u00df an jedem neuen Tag.<\/p>\n","protected":false},"excerpt":{"rendered":"<p>In der Gestapo-Haft schrieb&nbsp;der evangelische Theologen und&nbsp;NS-Widerstandsk\u00e4mpfers&nbsp;Dietrich Bonhoeffer&nbsp;im Dezember 1944 sein letztes erhaltenes Gedicht. Am 9.&nbsp;April 1945 wurde er hingerichtet. Sein Vertrauen und seine Liebe waren unersch\u00fctterlich. Wieviel leichter ist es f\u00fcr uns heute, in allen Dingen darauf zu vertrauen, dass wir uns in Gottes liebender Hand befinden. Und dass alles jenen zum Guten gereicht, [&hellip;]<\/p>\n","protected":false},"author":2,"featured_media":2410,"comment_status":"open","ping_status":"open","sticky":false,"template":"","format":"standard","meta":{"_genesis_hide_title":false,"_genesis_hide_breadcrumbs":false,"_genesis_hide_singular_image":false,"_genesis_hide_footer_widgets":false,"_genesis_custom_body_class":"","_genesis_custom_post_class":"","_genesis_layout":"","footnotes":""},"categories":[1],"tags":[],"promotion":[],"class_list":{"0":"post-2409","1":"post","2":"type-post","3":"status-publish","4":"format-standard","5":"has-post-thumbnail","7":"category-uncategorized","8":"entry"},"yoast_head":"<!-- This site is optimized with the Yoast SEO plugin v27.5 - https:\/\/yoast.com\/product\/yoast-seo-wordpress\/ -->\n<title>75 Jahre \u201eVon guten M\u00e4chten treu und still umgeben\u201c - kathTreff Blog<\/title>\n<meta name=\"robots\" content=\"index, follow, max-snippet:-1, max-image-preview:large, max-video-preview:-1\" \/>\n<link rel=\"canonical\" href=\"https:\/\/www.kathtreff.org\/blog\/75-jahre-von-guten-machten-treu-und-still-umgeben\/\" \/>\n<meta name=\"twitter:label1\" content=\"Verfasst von\" \/>\n\t<meta name=\"twitter:data1\" content=\"Gudrun Kugler\" \/>\n\t<meta name=\"twitter:label2\" content=\"Gesch\u00e4tzte Lesezeit\" \/>\n\t<meta name=\"twitter:data2\" content=\"2\u00a0Minuten\" \/>\n<script type=\"application\/ld+json\" class=\"yoast-schema-graph\">{\"@context\":\"https:\\\/\\\/schema.org\",\"@graph\":[{\"@type\":\"Article\",\"@id\":\"https:\\\/\\\/www.kathtreff.org\\\/blog\\\/75-jahre-von-guten-machten-treu-und-still-umgeben\\\/#article\",\"isPartOf\":{\"@id\":\"https:\\\/\\\/www.kathtreff.org\\\/blog\\\/75-jahre-von-guten-machten-treu-und-still-umgeben\\\/\"},\"author\":{\"name\":\"Gudrun Kugler\",\"@id\":\"https:\\\/\\\/www.kathtreff.org\\\/blog\\\/#\\\/schema\\\/person\\\/a9a9e850ffe37a58e9703ea081de5f33\"},\"headline\":\"75 Jahre \u201eVon guten M\u00e4chten treu und still umgeben\u201c\",\"datePublished\":\"2019-12-28T09:55:55+00:00\",\"mainEntityOfPage\":{\"@id\":\"https:\\\/\\\/www.kathtreff.org\\\/blog\\\/75-jahre-von-guten-machten-treu-und-still-umgeben\\\/\"},\"wordCount\":312,\"commentCount\":0,\"image\":{\"@id\":\"https:\\\/\\\/www.kathtreff.org\\\/blog\\\/75-jahre-von-guten-machten-treu-und-still-umgeben\\\/#primaryimage\"},\"thumbnailUrl\":\"https:\\\/\\\/www.kathtreff.org\\\/blog\\\/wp-content\\\/uploads\\\/2019\\\/12\\\/candle-335965_1920.jpg\",\"articleSection\":[\"Uncategorized\"],\"inLanguage\":\"de\",\"potentialAction\":[{\"@type\":\"CommentAction\",\"name\":\"Comment\",\"target\":[\"https:\\\/\\\/www.kathtreff.org\\\/blog\\\/75-jahre-von-guten-machten-treu-und-still-umgeben\\\/#respond\"]}]},{\"@type\":\"WebPage\",\"@id\":\"https:\\\/\\\/www.kathtreff.org\\\/blog\\\/75-jahre-von-guten-machten-treu-und-still-umgeben\\\/\",\"url\":\"https:\\\/\\\/www.kathtreff.org\\\/blog\\\/75-jahre-von-guten-machten-treu-und-still-umgeben\\\/\",\"name\":\"75 Jahre \u201eVon guten M\u00e4chten treu und still umgeben\u201c - kathTreff Blog\",\"isPartOf\":{\"@id\":\"https:\\\/\\\/www.kathtreff.org\\\/blog\\\/#website\"},\"primaryImageOfPage\":{\"@id\":\"https:\\\/\\\/www.kathtreff.org\\\/blog\\\/75-jahre-von-guten-machten-treu-und-still-umgeben\\\/#primaryimage\"},\"image\":{\"@id\":\"https:\\\/\\\/www.kathtreff.org\\\/blog\\\/75-jahre-von-guten-machten-treu-und-still-umgeben\\\/#primaryimage\"},\"thumbnailUrl\":\"https:\\\/\\\/www.kathtreff.org\\\/blog\\\/wp-content\\\/uploads\\\/2019\\\/12\\\/candle-335965_1920.jpg\",\"datePublished\":\"2019-12-28T09:55:55+00:00\",\"author\":{\"@id\":\"https:\\\/\\\/www.kathtreff.org\\\/blog\\\/#\\\/schema\\\/person\\\/a9a9e850ffe37a58e9703ea081de5f33\"},\"breadcrumb\":{\"@id\":\"https:\\\/\\\/www.kathtreff.org\\\/blog\\\/75-jahre-von-guten-machten-treu-und-still-umgeben\\\/#breadcrumb\"},\"inLanguage\":\"de\",\"potentialAction\":[{\"@type\":\"ReadAction\",\"target\":[\"https:\\\/\\\/www.kathtreff.org\\\/blog\\\/75-jahre-von-guten-machten-treu-und-still-umgeben\\\/\"]}]},{\"@type\":\"ImageObject\",\"inLanguage\":\"de\",\"@id\":\"https:\\\/\\\/www.kathtreff.org\\\/blog\\\/75-jahre-von-guten-machten-treu-und-still-umgeben\\\/#primaryimage\",\"url\":\"https:\\\/\\\/www.kathtreff.org\\\/blog\\\/wp-content\\\/uploads\\\/2019\\\/12\\\/candle-335965_1920.jpg\",\"contentUrl\":\"https:\\\/\\\/www.kathtreff.org\\\/blog\\\/wp-content\\\/uploads\\\/2019\\\/12\\\/candle-335965_1920.jpg\",\"width\":1920,\"height\":1260},{\"@type\":\"BreadcrumbList\",\"@id\":\"https:\\\/\\\/www.kathtreff.org\\\/blog\\\/75-jahre-von-guten-machten-treu-und-still-umgeben\\\/#breadcrumb\",\"itemListElement\":[{\"@type\":\"ListItem\",\"position\":1,\"name\":\"Home\",\"item\":\"https:\\\/\\\/www.kathtreff.org\\\/blog\\\/\"},{\"@type\":\"ListItem\",\"position\":2,\"name\":\"75 Jahre \u201eVon guten M\u00e4chten treu und still umgeben\u201c\"}]},{\"@type\":\"WebSite\",\"@id\":\"https:\\\/\\\/www.kathtreff.org\\\/blog\\\/#website\",\"url\":\"https:\\\/\\\/www.kathtreff.org\\\/blog\\\/\",\"name\":\"kathTreff Blog\",\"description\":\"Partnersuche f\u00fcr katholische Singles\",\"potentialAction\":[{\"@type\":\"SearchAction\",\"target\":{\"@type\":\"EntryPoint\",\"urlTemplate\":\"https:\\\/\\\/www.kathtreff.org\\\/blog\\\/?s={search_term_string}\"},\"query-input\":{\"@type\":\"PropertyValueSpecification\",\"valueRequired\":true,\"valueName\":\"search_term_string\"}}],\"inLanguage\":\"de\"},{\"@type\":\"Person\",\"@id\":\"https:\\\/\\\/www.kathtreff.org\\\/blog\\\/#\\\/schema\\\/person\\\/a9a9e850ffe37a58e9703ea081de5f33\",\"name\":\"Gudrun Kugler\",\"image\":{\"@type\":\"ImageObject\",\"inLanguage\":\"de\",\"@id\":\"https:\\\/\\\/secure.gravatar.com\\\/avatar\\\/7c04d6fc65a215eb07cad8d69adaad970edf78f002e2ef97dd03a6bbe75e5b48?s=96&d=mm&r=g\",\"url\":\"https:\\\/\\\/secure.gravatar.com\\\/avatar\\\/7c04d6fc65a215eb07cad8d69adaad970edf78f002e2ef97dd03a6bbe75e5b48?s=96&d=mm&r=g\",\"contentUrl\":\"https:\\\/\\\/secure.gravatar.com\\\/avatar\\\/7c04d6fc65a215eb07cad8d69adaad970edf78f002e2ef97dd03a6bbe75e5b48?s=96&d=mm&r=g\",\"caption\":\"Gudrun Kugler\"},\"sameAs\":[\"http:\\\/\\\/kathtreff.org\"],\"url\":\"https:\\\/\\\/www.kathtreff.org\\\/blog\\\/author\\\/gudrun\\\/\"}]}<\/script>\n<!-- \/ Yoast SEO plugin. -->","yoast_head_json":{"title":"75 Jahre \u201eVon guten M\u00e4chten treu und still umgeben\u201c - kathTreff Blog","robots":{"index":"index","follow":"follow","max-snippet":"max-snippet:-1","max-image-preview":"max-image-preview:large","max-video-preview":"max-video-preview:-1"},"canonical":"https:\/\/www.kathtreff.org\/blog\/75-jahre-von-guten-machten-treu-und-still-umgeben\/","twitter_misc":{"Verfasst von":"Gudrun Kugler","Gesch\u00e4tzte Lesezeit":"2\u00a0Minuten"},"schema":{"@context":"https:\/\/schema.org","@graph":[{"@type":"Article","@id":"https:\/\/www.kathtreff.org\/blog\/75-jahre-von-guten-machten-treu-und-still-umgeben\/#article","isPartOf":{"@id":"https:\/\/www.kathtreff.org\/blog\/75-jahre-von-guten-machten-treu-und-still-umgeben\/"},"author":{"name":"Gudrun Kugler","@id":"https:\/\/www.kathtreff.org\/blog\/#\/schema\/person\/a9a9e850ffe37a58e9703ea081de5f33"},"headline":"75 Jahre \u201eVon guten M\u00e4chten treu und still umgeben\u201c","datePublished":"2019-12-28T09:55:55+00:00","mainEntityOfPage":{"@id":"https:\/\/www.kathtreff.org\/blog\/75-jahre-von-guten-machten-treu-und-still-umgeben\/"},"wordCount":312,"commentCount":0,"image":{"@id":"https:\/\/www.kathtreff.org\/blog\/75-jahre-von-guten-machten-treu-und-still-umgeben\/#primaryimage"},"thumbnailUrl":"https:\/\/www.kathtreff.org\/blog\/wp-content\/uploads\/2019\/12\/candle-335965_1920.jpg","articleSection":["Uncategorized"],"inLanguage":"de","potentialAction":[{"@type":"CommentAction","name":"Comment","target":["https:\/\/www.kathtreff.org\/blog\/75-jahre-von-guten-machten-treu-und-still-umgeben\/#respond"]}]},{"@type":"WebPage","@id":"https:\/\/www.kathtreff.org\/blog\/75-jahre-von-guten-machten-treu-und-still-umgeben\/","url":"https:\/\/www.kathtreff.org\/blog\/75-jahre-von-guten-machten-treu-und-still-umgeben\/","name":"75 Jahre \u201eVon guten M\u00e4chten treu und still umgeben\u201c - kathTreff Blog","isPartOf":{"@id":"https:\/\/www.kathtreff.org\/blog\/#website"},"primaryImageOfPage":{"@id":"https:\/\/www.kathtreff.org\/blog\/75-jahre-von-guten-machten-treu-und-still-umgeben\/#primaryimage"},"image":{"@id":"https:\/\/www.kathtreff.org\/blog\/75-jahre-von-guten-machten-treu-und-still-umgeben\/#primaryimage"},"thumbnailUrl":"https:\/\/www.kathtreff.org\/blog\/wp-content\/uploads\/2019\/12\/candle-335965_1920.jpg","datePublished":"2019-12-28T09:55:55+00:00","author":{"@id":"https:\/\/www.kathtreff.org\/blog\/#\/schema\/person\/a9a9e850ffe37a58e9703ea081de5f33"},"breadcrumb":{"@id":"https:\/\/www.kathtreff.org\/blog\/75-jahre-von-guten-machten-treu-und-still-umgeben\/#breadcrumb"},"inLanguage":"de","potentialAction":[{"@type":"ReadAction","target":["https:\/\/www.kathtreff.org\/blog\/75-jahre-von-guten-machten-treu-und-still-umgeben\/"]}]},{"@type":"ImageObject","inLanguage":"de","@id":"https:\/\/www.kathtreff.org\/blog\/75-jahre-von-guten-machten-treu-und-still-umgeben\/#primaryimage","url":"https:\/\/www.kathtreff.org\/blog\/wp-content\/uploads\/2019\/12\/candle-335965_1920.jpg","contentUrl":"https:\/\/www.kathtreff.org\/blog\/wp-content\/uploads\/2019\/12\/candle-335965_1920.jpg","width":1920,"height":1260},{"@type":"BreadcrumbList","@id":"https:\/\/www.kathtreff.org\/blog\/75-jahre-von-guten-machten-treu-und-still-umgeben\/#breadcrumb","itemListElement":[{"@type":"ListItem","position":1,"name":"Home","item":"https:\/\/www.kathtreff.org\/blog\/"},{"@type":"ListItem","position":2,"name":"75 Jahre \u201eVon guten M\u00e4chten treu und still umgeben\u201c"}]},{"@type":"WebSite","@id":"https:\/\/www.kathtreff.org\/blog\/#website","url":"https:\/\/www.kathtreff.org\/blog\/","name":"kathTreff Blog","description":"Partnersuche f\u00fcr katholische Singles","potentialAction":[{"@type":"SearchAction","target":{"@type":"EntryPoint","urlTemplate":"https:\/\/www.kathtreff.org\/blog\/?s={search_term_string}"},"query-input":{"@type":"PropertyValueSpecification","valueRequired":true,"valueName":"search_term_string"}}],"inLanguage":"de"},{"@type":"Person","@id":"https:\/\/www.kathtreff.org\/blog\/#\/schema\/person\/a9a9e850ffe37a58e9703ea081de5f33","name":"Gudrun Kugler","image":{"@type":"ImageObject","inLanguage":"de","@id":"https:\/\/secure.gravatar.com\/avatar\/7c04d6fc65a215eb07cad8d69adaad970edf78f002e2ef97dd03a6bbe75e5b48?s=96&d=mm&r=g","url":"https:\/\/secure.gravatar.com\/avatar\/7c04d6fc65a215eb07cad8d69adaad970edf78f002e2ef97dd03a6bbe75e5b48?s=96&d=mm&r=g","contentUrl":"https:\/\/secure.gravatar.com\/avatar\/7c04d6fc65a215eb07cad8d69adaad970edf78f002e2ef97dd03a6bbe75e5b48?s=96&d=mm&r=g","caption":"Gudrun Kugler"},"sameAs":["http:\/\/kathtreff.org"],"url":"https:\/\/www.kathtreff.org\/blog\/author\/gudrun\/"}]}},"_links":{"self":[{"href":"https:\/\/www.kathtreff.org\/blog\/wp-json\/wp\/v2\/posts\/2409","targetHints":{"allow":["GET"]}}],"collection":[{"href":"https:\/\/www.kathtreff.org\/blog\/wp-json\/wp\/v2\/posts"}],"about":[{"href":"https:\/\/www.kathtreff.org\/blog\/wp-json\/wp\/v2\/types\/post"}],"author":[{"embeddable":true,"href":"https:\/\/www.kathtreff.org\/blog\/wp-json\/wp\/v2\/users\/2"}],"replies":[{"embeddable":true,"href":"https:\/\/www.kathtreff.org\/blog\/wp-json\/wp\/v2\/comments?post=2409"}],"version-history":[{"count":1,"href":"https:\/\/www.kathtreff.org\/blog\/wp-json\/wp\/v2\/posts\/2409\/revisions"}],"predecessor-version":[{"id":2411,"href":"https:\/\/www.kathtreff.org\/blog\/wp-json\/wp\/v2\/posts\/2409\/revisions\/2411"}],"wp:featuredmedia":[{"embeddable":true,"href":"https:\/\/www.kathtreff.org\/blog\/wp-json\/wp\/v2\/media\/2410"}],"wp:attachment":[{"href":"https:\/\/www.kathtreff.org\/blog\/wp-json\/wp\/v2\/media?parent=2409"}],"wp:term":[{"taxonomy":"category","embeddable":true,"href":"https:\/\/www.kathtreff.org\/blog\/wp-json\/wp\/v2\/categories?post=2409"},{"taxonomy":"post_tag","embeddable":true,"href":"https:\/\/www.kathtreff.org\/blog\/wp-json\/wp\/v2\/tags?post=2409"},{"taxonomy":"promotion","embeddable":true,"href":"https:\/\/www.kathtreff.org\/blog\/wp-json\/wp\/v2\/promotion?post=2409"}],"curies":[{"name":"wp","href":"https:\/\/api.w.org\/{rel}","templated":true}]}}