{"id":2298,"date":"2019-11-01T13:53:45","date_gmt":"2019-11-01T12:53:45","guid":{"rendered":"https:\/\/www.kathtreff.org\/blog\/?p=2298"},"modified":"2019-10-25T13:54:31","modified_gmt":"2019-10-25T12:54:31","slug":"steh-auf-und-geh","status":"publish","type":"post","link":"https:\/\/www.kathtreff.org\/blog\/steh-auf-und-geh\/","title":{"rendered":"STEH AUF und GEH!"},"content":{"rendered":"\n<p> Steh auf,  <br>der du entt\u00e4uscht bist.<br>Steh auf,<br>der du keine Hoffnung mehr hast.<br>Steh auf,  <br>der du an die Eint\u00f6nigkeit gew\u00f6hnt bist  <br>und nicht mehr glaubst, dass man Neues schaffen kann.  <br>Steh auf,  <br>denn Gott ist daran &#8222;alle Dinge neu zu schaffen&#8220;!<br>Steh auf,  <br>der du dich an die Gaben Gottes gew\u00f6hnt hast.  <br>Steh auf,  <br>der du die F\u00e4higkeit zu staunen verlernt hast.  <br>Steh auf,  <br>der du das Vertrauen verloren hast, Gott  &#8222;Vater&#8220; (Papa) zu nennen.  <br>Steh auf,  <br>und beginne wieder voller Bewunderung f\u00fcr die G\u00fcte Gottes zu sein.  <br>Steh auf,  <br>der du leidest.<br>Steh auf,  <br>dem es dir scheint, dass das Leben dir viel verweigert hat.  <br>Steh auf,  <br>wenn du dich ausgeschlossen, verlassen,  <br>beiseite geschoben f\u00fchlst.<br>Steh auf,  <br>denn Christus hat dir seine Liebe gezeigt und  <br>h\u00e4lt f\u00fcr dich die Verwirklichung einer unverhofften<br>M\u00f6glichkeit bereit.  <br>Steh auf!  <br>STEH AUF und GEH!  <\/p>\n\n\n\n<p><em> Gebet von Papst Johannes Paul II. am 8. Juni 1986<\/em><\/p>\n","protected":false},"excerpt":{"rendered":"<p>Steh auf, der du entt\u00e4uscht bist.Steh auf,der du keine Hoffnung mehr hast.Steh auf, der du an die Eint\u00f6nigkeit gew\u00f6hnt bist und nicht mehr glaubst, dass man Neues schaffen kann. Steh auf, denn Gott ist daran &#8222;alle Dinge neu zu schaffen&#8220;!Steh auf, der du dich an die Gaben Gottes gew\u00f6hnt hast. Steh auf, der du die [&hellip;]<\/p>\n","protected":false},"author":3,"featured_media":2299,"comment_status":"open","ping_status":"open","sticky":false,"template":"","format":"standard","meta":{"_genesis_hide_title":false,"_genesis_hide_breadcrumbs":false,"_genesis_hide_singular_image":false,"_genesis_hide_footer_widgets":false,"_genesis_custom_body_class":"","_genesis_custom_post_class":"","_genesis_layout":"","footnotes":""},"categories":[1],"tags":[],"promotion":[],"class_list":{"0":"post-2298","1":"post","2":"type-post","3":"status-publish","4":"format-standard","5":"has-post-thumbnail","7":"category-uncategorized","8":"entry"},"yoast_head":"<!-- This site is optimized with the Yoast SEO plugin v27.5 - https:\/\/yoast.com\/product\/yoast-seo-wordpress\/ -->\n<title>STEH AUF und GEH! - kathTreff Blog<\/title>\n<meta name=\"robots\" content=\"index, follow, max-snippet:-1, max-image-preview:large, max-video-preview:-1\" \/>\n<link rel=\"canonical\" href=\"https:\/\/www.kathtreff.org\/blog\/steh-auf-und-geh\/\" \/>\n<meta name=\"twitter:label1\" content=\"Verfasst von\" \/>\n\t<meta name=\"twitter:data1\" content=\"kathTreff Office\" \/>\n\t<meta name=\"twitter:label2\" content=\"Gesch\u00e4tzte Lesezeit\" \/>\n\t<meta name=\"twitter:data2\" content=\"1\u00a0Minute\" \/>\n<script type=\"application\/ld+json\" class=\"yoast-schema-graph\">{\"@context\":\"https:\\\/\\\/schema.org\",\"@graph\":[{\"@type\":\"Article\",\"@id\":\"https:\\\/\\\/www.kathtreff.org\\\/blog\\\/steh-auf-und-geh\\\/#article\",\"isPartOf\":{\"@id\":\"https:\\\/\\\/www.kathtreff.org\\\/blog\\\/steh-auf-und-geh\\\/\"},\"author\":{\"name\":\"kathTreff Office\",\"@id\":\"https:\\\/\\\/www.kathtreff.org\\\/blog\\\/#\\\/schema\\\/person\\\/3d0d193090d342d7050d69fe5195501d\"},\"headline\":\"STEH AUF und GEH!\",\"datePublished\":\"2019-11-01T12:53:45+00:00\",\"mainEntityOfPage\":{\"@id\":\"https:\\\/\\\/www.kathtreff.org\\\/blog\\\/steh-auf-und-geh\\\/\"},\"wordCount\":165,\"commentCount\":0,\"image\":{\"@id\":\"https:\\\/\\\/www.kathtreff.org\\\/blog\\\/steh-auf-und-geh\\\/#primaryimage\"},\"thumbnailUrl\":\"https:\\\/\\\/www.kathtreff.org\\\/blog\\\/wp-content\\\/uploads\\\/2019\\\/10\\\/Pope-Joh-Paul-II.jpg\",\"articleSection\":[\"Uncategorized\"],\"inLanguage\":\"de\",\"potentialAction\":[{\"@type\":\"CommentAction\",\"name\":\"Comment\",\"target\":[\"https:\\\/\\\/www.kathtreff.org\\\/blog\\\/steh-auf-und-geh\\\/#respond\"]}]},{\"@type\":\"WebPage\",\"@id\":\"https:\\\/\\\/www.kathtreff.org\\\/blog\\\/steh-auf-und-geh\\\/\",\"url\":\"https:\\\/\\\/www.kathtreff.org\\\/blog\\\/steh-auf-und-geh\\\/\",\"name\":\"STEH AUF und GEH! - kathTreff Blog\",\"isPartOf\":{\"@id\":\"https:\\\/\\\/www.kathtreff.org\\\/blog\\\/#website\"},\"primaryImageOfPage\":{\"@id\":\"https:\\\/\\\/www.kathtreff.org\\\/blog\\\/steh-auf-und-geh\\\/#primaryimage\"},\"image\":{\"@id\":\"https:\\\/\\\/www.kathtreff.org\\\/blog\\\/steh-auf-und-geh\\\/#primaryimage\"},\"thumbnailUrl\":\"https:\\\/\\\/www.kathtreff.org\\\/blog\\\/wp-content\\\/uploads\\\/2019\\\/10\\\/Pope-Joh-Paul-II.jpg\",\"datePublished\":\"2019-11-01T12:53:45+00:00\",\"author\":{\"@id\":\"https:\\\/\\\/www.kathtreff.org\\\/blog\\\/#\\\/schema\\\/person\\\/3d0d193090d342d7050d69fe5195501d\"},\"breadcrumb\":{\"@id\":\"https:\\\/\\\/www.kathtreff.org\\\/blog\\\/steh-auf-und-geh\\\/#breadcrumb\"},\"inLanguage\":\"de\",\"potentialAction\":[{\"@type\":\"ReadAction\",\"target\":[\"https:\\\/\\\/www.kathtreff.org\\\/blog\\\/steh-auf-und-geh\\\/\"]}]},{\"@type\":\"ImageObject\",\"inLanguage\":\"de\",\"@id\":\"https:\\\/\\\/www.kathtreff.org\\\/blog\\\/steh-auf-und-geh\\\/#primaryimage\",\"url\":\"https:\\\/\\\/www.kathtreff.org\\\/blog\\\/wp-content\\\/uploads\\\/2019\\\/10\\\/Pope-Joh-Paul-II.jpg\",\"contentUrl\":\"https:\\\/\\\/www.kathtreff.org\\\/blog\\\/wp-content\\\/uploads\\\/2019\\\/10\\\/Pope-Joh-Paul-II.jpg\",\"width\":1280,\"height\":853},{\"@type\":\"BreadcrumbList\",\"@id\":\"https:\\\/\\\/www.kathtreff.org\\\/blog\\\/steh-auf-und-geh\\\/#breadcrumb\",\"itemListElement\":[{\"@type\":\"ListItem\",\"position\":1,\"name\":\"Home\",\"item\":\"https:\\\/\\\/www.kathtreff.org\\\/blog\\\/\"},{\"@type\":\"ListItem\",\"position\":2,\"name\":\"STEH AUF und GEH!\"}]},{\"@type\":\"WebSite\",\"@id\":\"https:\\\/\\\/www.kathtreff.org\\\/blog\\\/#website\",\"url\":\"https:\\\/\\\/www.kathtreff.org\\\/blog\\\/\",\"name\":\"kathTreff Blog\",\"description\":\"Partnersuche f\u00fcr katholische Singles\",\"potentialAction\":[{\"@type\":\"SearchAction\",\"target\":{\"@type\":\"EntryPoint\",\"urlTemplate\":\"https:\\\/\\\/www.kathtreff.org\\\/blog\\\/?s={search_term_string}\"},\"query-input\":{\"@type\":\"PropertyValueSpecification\",\"valueRequired\":true,\"valueName\":\"search_term_string\"}}],\"inLanguage\":\"de\"},{\"@type\":\"Person\",\"@id\":\"https:\\\/\\\/www.kathtreff.org\\\/blog\\\/#\\\/schema\\\/person\\\/3d0d193090d342d7050d69fe5195501d\",\"name\":\"kathTreff Office\",\"image\":{\"@type\":\"ImageObject\",\"inLanguage\":\"de\",\"@id\":\"https:\\\/\\\/secure.gravatar.com\\\/avatar\\\/b24165eda34d07f0ae23b51332709e2a63d3b87267604d04c369c2f4281a3630?s=96&d=mm&r=g\",\"url\":\"https:\\\/\\\/secure.gravatar.com\\\/avatar\\\/b24165eda34d07f0ae23b51332709e2a63d3b87267604d04c369c2f4281a3630?s=96&d=mm&r=g\",\"contentUrl\":\"https:\\\/\\\/secure.gravatar.com\\\/avatar\\\/b24165eda34d07f0ae23b51332709e2a63d3b87267604d04c369c2f4281a3630?s=96&d=mm&r=g\",\"caption\":\"kathTreff Office\"},\"url\":\"https:\\\/\\\/www.kathtreff.org\\\/blog\\\/author\\\/kathtreff-office\\\/\"}]}<\/script>\n<!-- \/ Yoast SEO plugin. -->","yoast_head_json":{"title":"STEH AUF und GEH! - kathTreff Blog","robots":{"index":"index","follow":"follow","max-snippet":"max-snippet:-1","max-image-preview":"max-image-preview:large","max-video-preview":"max-video-preview:-1"},"canonical":"https:\/\/www.kathtreff.org\/blog\/steh-auf-und-geh\/","twitter_misc":{"Verfasst von":"kathTreff Office","Gesch\u00e4tzte Lesezeit":"1\u00a0Minute"},"schema":{"@context":"https:\/\/schema.org","@graph":[{"@type":"Article","@id":"https:\/\/www.kathtreff.org\/blog\/steh-auf-und-geh\/#article","isPartOf":{"@id":"https:\/\/www.kathtreff.org\/blog\/steh-auf-und-geh\/"},"author":{"name":"kathTreff Office","@id":"https:\/\/www.kathtreff.org\/blog\/#\/schema\/person\/3d0d193090d342d7050d69fe5195501d"},"headline":"STEH AUF und GEH!","datePublished":"2019-11-01T12:53:45+00:00","mainEntityOfPage":{"@id":"https:\/\/www.kathtreff.org\/blog\/steh-auf-und-geh\/"},"wordCount":165,"commentCount":0,"image":{"@id":"https:\/\/www.kathtreff.org\/blog\/steh-auf-und-geh\/#primaryimage"},"thumbnailUrl":"https:\/\/www.kathtreff.org\/blog\/wp-content\/uploads\/2019\/10\/Pope-Joh-Paul-II.jpg","articleSection":["Uncategorized"],"inLanguage":"de","potentialAction":[{"@type":"CommentAction","name":"Comment","target":["https:\/\/www.kathtreff.org\/blog\/steh-auf-und-geh\/#respond"]}]},{"@type":"WebPage","@id":"https:\/\/www.kathtreff.org\/blog\/steh-auf-und-geh\/","url":"https:\/\/www.kathtreff.org\/blog\/steh-auf-und-geh\/","name":"STEH AUF und GEH! - kathTreff Blog","isPartOf":{"@id":"https:\/\/www.kathtreff.org\/blog\/#website"},"primaryImageOfPage":{"@id":"https:\/\/www.kathtreff.org\/blog\/steh-auf-und-geh\/#primaryimage"},"image":{"@id":"https:\/\/www.kathtreff.org\/blog\/steh-auf-und-geh\/#primaryimage"},"thumbnailUrl":"https:\/\/www.kathtreff.org\/blog\/wp-content\/uploads\/2019\/10\/Pope-Joh-Paul-II.jpg","datePublished":"2019-11-01T12:53:45+00:00","author":{"@id":"https:\/\/www.kathtreff.org\/blog\/#\/schema\/person\/3d0d193090d342d7050d69fe5195501d"},"breadcrumb":{"@id":"https:\/\/www.kathtreff.org\/blog\/steh-auf-und-geh\/#breadcrumb"},"inLanguage":"de","potentialAction":[{"@type":"ReadAction","target":["https:\/\/www.kathtreff.org\/blog\/steh-auf-und-geh\/"]}]},{"@type":"ImageObject","inLanguage":"de","@id":"https:\/\/www.kathtreff.org\/blog\/steh-auf-und-geh\/#primaryimage","url":"https:\/\/www.kathtreff.org\/blog\/wp-content\/uploads\/2019\/10\/Pope-Joh-Paul-II.jpg","contentUrl":"https:\/\/www.kathtreff.org\/blog\/wp-content\/uploads\/2019\/10\/Pope-Joh-Paul-II.jpg","width":1280,"height":853},{"@type":"BreadcrumbList","@id":"https:\/\/www.kathtreff.org\/blog\/steh-auf-und-geh\/#breadcrumb","itemListElement":[{"@type":"ListItem","position":1,"name":"Home","item":"https:\/\/www.kathtreff.org\/blog\/"},{"@type":"ListItem","position":2,"name":"STEH AUF und GEH!"}]},{"@type":"WebSite","@id":"https:\/\/www.kathtreff.org\/blog\/#website","url":"https:\/\/www.kathtreff.org\/blog\/","name":"kathTreff Blog","description":"Partnersuche f\u00fcr katholische Singles","potentialAction":[{"@type":"SearchAction","target":{"@type":"EntryPoint","urlTemplate":"https:\/\/www.kathtreff.org\/blog\/?s={search_term_string}"},"query-input":{"@type":"PropertyValueSpecification","valueRequired":true,"valueName":"search_term_string"}}],"inLanguage":"de"},{"@type":"Person","@id":"https:\/\/www.kathtreff.org\/blog\/#\/schema\/person\/3d0d193090d342d7050d69fe5195501d","name":"kathTreff Office","image":{"@type":"ImageObject","inLanguage":"de","@id":"https:\/\/secure.gravatar.com\/avatar\/b24165eda34d07f0ae23b51332709e2a63d3b87267604d04c369c2f4281a3630?s=96&d=mm&r=g","url":"https:\/\/secure.gravatar.com\/avatar\/b24165eda34d07f0ae23b51332709e2a63d3b87267604d04c369c2f4281a3630?s=96&d=mm&r=g","contentUrl":"https:\/\/secure.gravatar.com\/avatar\/b24165eda34d07f0ae23b51332709e2a63d3b87267604d04c369c2f4281a3630?s=96&d=mm&r=g","caption":"kathTreff Office"},"url":"https:\/\/www.kathtreff.org\/blog\/author\/kathtreff-office\/"}]}},"_links":{"self":[{"href":"https:\/\/www.kathtreff.org\/blog\/wp-json\/wp\/v2\/posts\/2298","targetHints":{"allow":["GET"]}}],"collection":[{"href":"https:\/\/www.kathtreff.org\/blog\/wp-json\/wp\/v2\/posts"}],"about":[{"href":"https:\/\/www.kathtreff.org\/blog\/wp-json\/wp\/v2\/types\/post"}],"author":[{"embeddable":true,"href":"https:\/\/www.kathtreff.org\/blog\/wp-json\/wp\/v2\/users\/3"}],"replies":[{"embeddable":true,"href":"https:\/\/www.kathtreff.org\/blog\/wp-json\/wp\/v2\/comments?post=2298"}],"version-history":[{"count":1,"href":"https:\/\/www.kathtreff.org\/blog\/wp-json\/wp\/v2\/posts\/2298\/revisions"}],"predecessor-version":[{"id":2300,"href":"https:\/\/www.kathtreff.org\/blog\/wp-json\/wp\/v2\/posts\/2298\/revisions\/2300"}],"wp:featuredmedia":[{"embeddable":true,"href":"https:\/\/www.kathtreff.org\/blog\/wp-json\/wp\/v2\/media\/2299"}],"wp:attachment":[{"href":"https:\/\/www.kathtreff.org\/blog\/wp-json\/wp\/v2\/media?parent=2298"}],"wp:term":[{"taxonomy":"category","embeddable":true,"href":"https:\/\/www.kathtreff.org\/blog\/wp-json\/wp\/v2\/categories?post=2298"},{"taxonomy":"post_tag","embeddable":true,"href":"https:\/\/www.kathtreff.org\/blog\/wp-json\/wp\/v2\/tags?post=2298"},{"taxonomy":"promotion","embeddable":true,"href":"https:\/\/www.kathtreff.org\/blog\/wp-json\/wp\/v2\/promotion?post=2298"}],"curies":[{"name":"wp","href":"https:\/\/api.w.org\/{rel}","templated":true}]}}