{"id":2075,"date":"2018-05-03T09:49:56","date_gmt":"2018-05-03T08:49:56","guid":{"rendered":"https:\/\/www.kathtreff.org\/blog\/?p=2075"},"modified":"2018-07-03T10:13:22","modified_gmt":"2018-07-03T09:13:22","slug":"26-8-1-8-2018-sommerstrandurlaub-mit-tiefgang","status":"publish","type":"post","link":"https:\/\/www.kathtreff.org\/blog\/26-8-1-8-2018-sommerstrandurlaub-mit-tiefgang\/","title":{"rendered":"26.8. &#8211; 1.9.2018 Sommerstrandurlaub mit Tiefgang Duc in Altum (Im Leben tiefer gehen)"},"content":{"rendered":"<p>Auch heuer laden wir wieder herzlich zum gemeinsamen <strong>Sommerurlaub<\/strong> <strong>f\u00fcr Leib und Seele in Kroatien auf die Insel KRK <\/strong><strong>ein!<\/strong><\/p>\n<p>Wenn die \u00e4rgste Sommerhitze \u00fcberstanden ist, hei\u00dft uns wieder das <strong>Franziskanerkloster Glavotok auf der Insel Krk<\/strong> willkommen! Von <strong>Sonntag,<\/strong> <strong>26. August bis Samstag, 1. September<\/strong> <strong>2018<\/strong> wollen wir dort eine Woche zum gemeinsamen Kennenlernen, zur Erholung, aber auch zur geistlichen Erneuerung verbringen!<\/p>\n<p>Die Insel Krk h\u00e4lt eine Vielzahl an Attraktionen bereit: wundervolle Kiesstr\u00e4nde mit t\u00fcrkis-blauem Meer; malerische, historische Ortschaften; nach Salbei duftende H\u00fcgellandschaft, die zum ausgedehnten Spazieren und Wandern einl\u00e4dt. Au\u00dferdem kommen sportlich Aktive auf der beliebten Ferieninsel aufgrund vieler Freizeitm\u00f6glichkeiten auf ihre Kosten.<\/p>\n<p>Im Westen der Insel und direkt am Meer gelegen, bietet das Franziskanerkloster Glavotok f\u00fcr uns die einmalige M\u00f6glichkeit, abseits des Urlaubertrubels als Gruppe unter uns zu sein und auch das Geistliche nicht zu kurz kommen zu lassen. Zum Klosterareal geh\u00f6ren auch gro\u00dfe G\u00e4rten und Olivenhaine, sowie ein eigener Felsstrand, der von den G\u00e4sten zum Baden gen\u00fctzt werden darf.<\/p>\n<p>(Direkt vor den Klostermauern befindet sich auch ein \u00f6ffentlicher Strand mit kleinem Kiosk und etwas weiter weg, aber auch fu\u00dfl\u00e4ufig erreichbar, der Campingplatz Glavotok samt Strandcaf\u00e9, Restaurant und Wlan-Zugang&#8230; \ud83d\ude09<\/p>\n<p><strong>Unterkunft: <\/strong><a href=\"http:\/\/www.turm-krk.de\/de\/aktivitaeten\/straende\/krk\/kloster_glavotok\">Kloster Glavotok<\/a>, Insel Krk, Kroatien. Vollpension, insgesamt 45 Betten.<\/p>\n<p><strong>Preis:<br \/>\n<\/strong><strong>450 Euro in einem Doppelzimmer <\/strong>f\u00fcr Vollpension und Programm (6 N\u00e4chte)<br \/>\n<strong>420 Euro in einem Mehrbettzimmer<\/strong> f\u00fcr Vollpension und Programm (6 N\u00e4chte)<\/p>\n<p>Die <strong>Anreise<\/strong> ist selbst zu organisieren &#8211; gerne sind wir bei der Bildung von Fahrgemeinschaften vermittelnd behilflich!<\/p>\n<p><strong>Gruppenleitung: kathTreff<\/strong><\/p>\n<p><strong>Geistliche Begleitung: P. Paul Saji Bavakkat, OCD<\/strong><\/p>\n<p>Pater Paul Saji Bavakkat OCD, vom Orden der Unbeschuhten Karmeliten, wurde 1975 in Kerala, Indien geboren, und wuchs in einer katholischen Familie mit sieben Geschwistern auf. Nach dem Abitur lernte er den Karmel in Kerala kennen und trat dort ein, um seinen Wunsch Priester zu werden zu verwirklichen. 2004 wurde er zum Priester geweiht. Die ersten drei Jahre nach seiner Priesterweihe war P. Paul Saji Rektor einer Klosterschule, gleichzeitig wirkte er auch im Priesterseminar. 2007 schickten ihn seine Oberen nach Deutschland. Dort wurde er in der Pfarrei St. Josef in Essen Ruhrhalbinsel zun\u00e4chst als Kaplan und dann als Pfarrer eingesetzt. W\u00e4hrend dieser Zeit war er auch Prior seiner Ordensgemeinschaft in der dortigen Niederlassung in Dilldorf. Im September 2016 kam P. Paul nach \u00d6sterreich und hat an der Katholischen Universit\u00e4t Linz im Fach Kirchenrecht ein weiterf\u00fchrendes Studium begonnen. Im April 2017 wurde er zum Prior des Linzer Konventes gew\u00e4hlt. P. Paul Saji spricht hervorragend Deutsch und hat gro\u00dfe Erfahrungen in der Seelsorge und der Geistlichen Begleitung.<\/p>\n<p><strong>Vorl\u00e4ufiges Programm und Aktivit\u00e4ten<\/strong>:<br \/>\nVormittag: Morgenlob, Fr\u00fchst\u00fcck, geistliches Programm (Vortrag, Austausch, Fragen, Beichte)<br \/>\nMittag: Heilige Messe und Mittagessen<br \/>\nNachmittag: Baden, wandern, Sport, Spiele, Ausfl\u00fcge, etc.<br \/>\nAbend: Gebet, Austausch, Spiele, Nachtwanderung, Open Air Kino, etc. &#8211; eigene Ideen erw\u00fcnscht!<\/p>\n<p><strong>Erreichbarkeit:\u00a0<\/strong>Die Insel Krk ist eine der n\u00f6rdlichsten Inseln Kroatiens und deshalb aus Deutschland oder\u00a0\u00d6sterreich relativ leicht zu erreichen. Sie ist au\u00dferdem \u00fcber eine Br\u00fccke mit dem Festland verbunden. <strong>Mit dem Auto<\/strong>: Auf der Insel Krk auf der Strasse Richtung Valbiska rechts abbiegen in Richtung Linardici. Dort kommt man dann zu der kleinen idyllischen Siedlung Glavotok, an deren Rande das Kloster Glavotok liegt. Der <strong>Flughafen<\/strong> Rijeka liegt auf der Insel Krk ca. 20 km von Glavotok. Oder mit <strong>Zug<\/strong> oder <strong>Bus<\/strong> nach Rijeka, dort umsteigen in einen Bus nach Krk, Glavotok (Link zu Linienbussen: <a href=\"http:\/\/bus.hr\/autobusne-linije\/autobus-rijeka-krk\/\">Hinfahrt <\/a>und <a href=\"http:\/\/bus.hr\/autobusne-linije\/autobus-krk-rijeka\/\">R\u00fcckfahrt<\/a>). (Ein Taxi von der Endstation auf Krk zum Kloster kostet ca. 20 Euro)<\/p>\n<p><strong>Anmeldung und Information<\/strong>: sabrina.birkhof@kathtreff.org. Ben\u00f6tigte Daten: Name, Adresse, Geburtsdatum, Telefonnummer &amp; Info, ob sie jemanden im Auto mitnehmen w\u00fcrden oder selber mitgenommen werden m\u00f6chten.<\/p>\n<p><strong>Anmeldeschluss:<\/strong> 1. Juli 2018 Es gibt noch einige wenige Restpl\u00e4tze f\u00fcr Herren<\/p>\n<p><strong>Bilder<\/strong>: <a href=\"http:\/\/www.turm-krk.de\/de\/aktivitaeten\/straende\/krk\/kloster_glavotok\">http:\/\/www.turm-krk.de\/de\/aktivitaeten\/straende\/krk\/kloster_glavotok<\/a><\/p>\n","protected":false},"excerpt":{"rendered":"<p>Auch heuer laden wir wieder herzlich zum gemeinsamen Sommerurlaub f\u00fcr Leib und Seele in Kroatien auf die Insel KRK ein! Wenn die \u00e4rgste Sommerhitze \u00fcberstanden ist, hei\u00dft uns wieder das Franziskanerkloster Glavotok auf der Insel Krk willkommen! Von Sonntag, 26. August bis Samstag, 1. September 2018 wollen wir dort eine Woche zum gemeinsamen Kennenlernen, zur [&hellip;]<\/p>\n","protected":false},"author":3,"featured_media":1226,"comment_status":"open","ping_status":"open","sticky":false,"template":"","format":"standard","meta":{"_genesis_hide_title":false,"_genesis_hide_breadcrumbs":false,"_genesis_hide_singular_image":false,"_genesis_hide_footer_widgets":false,"_genesis_custom_body_class":"","_genesis_custom_post_class":"","_genesis_layout":"","footnotes":""},"categories":[4,5,9],"tags":[],"promotion":[],"class_list":{"0":"post-2075","1":"post","2":"type-post","3":"status-publish","4":"format-standard","5":"has-post-thumbnail","7":"category-single-leben","8":"category-singleboerse","9":"category-singletreff","10":"entry"},"yoast_head":"<!-- This site is optimized with the Yoast SEO plugin v27.5 - https:\/\/yoast.com\/product\/yoast-seo-wordpress\/ -->\n<title>26.8. - 1.9.2018 Sommerstrandurlaub mit Tiefgang Duc in Altum (Im Leben tiefer gehen) - kathTreff Blog<\/title>\n<meta name=\"robots\" content=\"index, follow, max-snippet:-1, max-image-preview:large, max-video-preview:-1\" \/>\n<link rel=\"canonical\" href=\"https:\/\/www.kathtreff.org\/blog\/26-8-1-8-2018-sommerstrandurlaub-mit-tiefgang\/\" \/>\n<meta name=\"twitter:label1\" content=\"Verfasst von\" \/>\n\t<meta name=\"twitter:data1\" content=\"kathTreff Office\" \/>\n\t<meta name=\"twitter:label2\" content=\"Gesch\u00e4tzte Lesezeit\" \/>\n\t<meta name=\"twitter:data2\" content=\"3\u00a0Minuten\" \/>\n<script type=\"application\/ld+json\" class=\"yoast-schema-graph\">{\"@context\":\"https:\\\/\\\/schema.org\",\"@graph\":[{\"@type\":\"Article\",\"@id\":\"https:\\\/\\\/www.kathtreff.org\\\/blog\\\/26-8-1-8-2018-sommerstrandurlaub-mit-tiefgang\\\/#article\",\"isPartOf\":{\"@id\":\"https:\\\/\\\/www.kathtreff.org\\\/blog\\\/26-8-1-8-2018-sommerstrandurlaub-mit-tiefgang\\\/\"},\"author\":{\"name\":\"kathTreff Office\",\"@id\":\"https:\\\/\\\/www.kathtreff.org\\\/blog\\\/#\\\/schema\\\/person\\\/3d0d193090d342d7050d69fe5195501d\"},\"headline\":\"26.8. &#8211; 1.9.2018 Sommerstrandurlaub mit Tiefgang Duc in Altum (Im Leben tiefer gehen)\",\"datePublished\":\"2018-05-03T08:49:56+00:00\",\"dateModified\":\"2018-07-03T09:13:22+00:00\",\"mainEntityOfPage\":{\"@id\":\"https:\\\/\\\/www.kathtreff.org\\\/blog\\\/26-8-1-8-2018-sommerstrandurlaub-mit-tiefgang\\\/\"},\"wordCount\":652,\"commentCount\":0,\"image\":{\"@id\":\"https:\\\/\\\/www.kathtreff.org\\\/blog\\\/26-8-1-8-2018-sommerstrandurlaub-mit-tiefgang\\\/#primaryimage\"},\"thumbnailUrl\":\"https:\\\/\\\/www.kathtreff.org\\\/blog\\\/wp-content\\\/uploads\\\/2016\\\/03\\\/glavotok01.jpg\",\"articleSection\":[\"Single leben\",\"Singleb\u00f6rse\",\"Singletreff\"],\"inLanguage\":\"de\",\"potentialAction\":[{\"@type\":\"CommentAction\",\"name\":\"Comment\",\"target\":[\"https:\\\/\\\/www.kathtreff.org\\\/blog\\\/26-8-1-8-2018-sommerstrandurlaub-mit-tiefgang\\\/#respond\"]}]},{\"@type\":\"WebPage\",\"@id\":\"https:\\\/\\\/www.kathtreff.org\\\/blog\\\/26-8-1-8-2018-sommerstrandurlaub-mit-tiefgang\\\/\",\"url\":\"https:\\\/\\\/www.kathtreff.org\\\/blog\\\/26-8-1-8-2018-sommerstrandurlaub-mit-tiefgang\\\/\",\"name\":\"26.8. - 1.9.2018 Sommerstrandurlaub mit Tiefgang Duc in Altum (Im Leben tiefer gehen) - kathTreff Blog\",\"isPartOf\":{\"@id\":\"https:\\\/\\\/www.kathtreff.org\\\/blog\\\/#website\"},\"primaryImageOfPage\":{\"@id\":\"https:\\\/\\\/www.kathtreff.org\\\/blog\\\/26-8-1-8-2018-sommerstrandurlaub-mit-tiefgang\\\/#primaryimage\"},\"image\":{\"@id\":\"https:\\\/\\\/www.kathtreff.org\\\/blog\\\/26-8-1-8-2018-sommerstrandurlaub-mit-tiefgang\\\/#primaryimage\"},\"thumbnailUrl\":\"https:\\\/\\\/www.kathtreff.org\\\/blog\\\/wp-content\\\/uploads\\\/2016\\\/03\\\/glavotok01.jpg\",\"datePublished\":\"2018-05-03T08:49:56+00:00\",\"dateModified\":\"2018-07-03T09:13:22+00:00\",\"author\":{\"@id\":\"https:\\\/\\\/www.kathtreff.org\\\/blog\\\/#\\\/schema\\\/person\\\/3d0d193090d342d7050d69fe5195501d\"},\"breadcrumb\":{\"@id\":\"https:\\\/\\\/www.kathtreff.org\\\/blog\\\/26-8-1-8-2018-sommerstrandurlaub-mit-tiefgang\\\/#breadcrumb\"},\"inLanguage\":\"de\",\"potentialAction\":[{\"@type\":\"ReadAction\",\"target\":[\"https:\\\/\\\/www.kathtreff.org\\\/blog\\\/26-8-1-8-2018-sommerstrandurlaub-mit-tiefgang\\\/\"]}]},{\"@type\":\"ImageObject\",\"inLanguage\":\"de\",\"@id\":\"https:\\\/\\\/www.kathtreff.org\\\/blog\\\/26-8-1-8-2018-sommerstrandurlaub-mit-tiefgang\\\/#primaryimage\",\"url\":\"https:\\\/\\\/www.kathtreff.org\\\/blog\\\/wp-content\\\/uploads\\\/2016\\\/03\\\/glavotok01.jpg\",\"contentUrl\":\"https:\\\/\\\/www.kathtreff.org\\\/blog\\\/wp-content\\\/uploads\\\/2016\\\/03\\\/glavotok01.jpg\",\"width\":1024,\"height\":767},{\"@type\":\"BreadcrumbList\",\"@id\":\"https:\\\/\\\/www.kathtreff.org\\\/blog\\\/26-8-1-8-2018-sommerstrandurlaub-mit-tiefgang\\\/#breadcrumb\",\"itemListElement\":[{\"@type\":\"ListItem\",\"position\":1,\"name\":\"Home\",\"item\":\"https:\\\/\\\/www.kathtreff.org\\\/blog\\\/\"},{\"@type\":\"ListItem\",\"position\":2,\"name\":\"26.8. &#8211; 1.9.2018 Sommerstrandurlaub mit Tiefgang Duc in Altum (Im Leben tiefer gehen)\"}]},{\"@type\":\"WebSite\",\"@id\":\"https:\\\/\\\/www.kathtreff.org\\\/blog\\\/#website\",\"url\":\"https:\\\/\\\/www.kathtreff.org\\\/blog\\\/\",\"name\":\"kathTreff Blog\",\"description\":\"Partnersuche f\u00fcr katholische Singles\",\"potentialAction\":[{\"@type\":\"SearchAction\",\"target\":{\"@type\":\"EntryPoint\",\"urlTemplate\":\"https:\\\/\\\/www.kathtreff.org\\\/blog\\\/?s={search_term_string}\"},\"query-input\":{\"@type\":\"PropertyValueSpecification\",\"valueRequired\":true,\"valueName\":\"search_term_string\"}}],\"inLanguage\":\"de\"},{\"@type\":\"Person\",\"@id\":\"https:\\\/\\\/www.kathtreff.org\\\/blog\\\/#\\\/schema\\\/person\\\/3d0d193090d342d7050d69fe5195501d\",\"name\":\"kathTreff Office\",\"image\":{\"@type\":\"ImageObject\",\"inLanguage\":\"de\",\"@id\":\"https:\\\/\\\/secure.gravatar.com\\\/avatar\\\/b24165eda34d07f0ae23b51332709e2a63d3b87267604d04c369c2f4281a3630?s=96&d=mm&r=g\",\"url\":\"https:\\\/\\\/secure.gravatar.com\\\/avatar\\\/b24165eda34d07f0ae23b51332709e2a63d3b87267604d04c369c2f4281a3630?s=96&d=mm&r=g\",\"contentUrl\":\"https:\\\/\\\/secure.gravatar.com\\\/avatar\\\/b24165eda34d07f0ae23b51332709e2a63d3b87267604d04c369c2f4281a3630?s=96&d=mm&r=g\",\"caption\":\"kathTreff Office\"},\"url\":\"https:\\\/\\\/www.kathtreff.org\\\/blog\\\/author\\\/kathtreff-office\\\/\"}]}<\/script>\n<!-- \/ Yoast SEO plugin. -->","yoast_head_json":{"title":"26.8. - 1.9.2018 Sommerstrandurlaub mit Tiefgang Duc in Altum (Im Leben tiefer gehen) - kathTreff Blog","robots":{"index":"index","follow":"follow","max-snippet":"max-snippet:-1","max-image-preview":"max-image-preview:large","max-video-preview":"max-video-preview:-1"},"canonical":"https:\/\/www.kathtreff.org\/blog\/26-8-1-8-2018-sommerstrandurlaub-mit-tiefgang\/","twitter_misc":{"Verfasst von":"kathTreff Office","Gesch\u00e4tzte Lesezeit":"3\u00a0Minuten"},"schema":{"@context":"https:\/\/schema.org","@graph":[{"@type":"Article","@id":"https:\/\/www.kathtreff.org\/blog\/26-8-1-8-2018-sommerstrandurlaub-mit-tiefgang\/#article","isPartOf":{"@id":"https:\/\/www.kathtreff.org\/blog\/26-8-1-8-2018-sommerstrandurlaub-mit-tiefgang\/"},"author":{"name":"kathTreff Office","@id":"https:\/\/www.kathtreff.org\/blog\/#\/schema\/person\/3d0d193090d342d7050d69fe5195501d"},"headline":"26.8. &#8211; 1.9.2018 Sommerstrandurlaub mit Tiefgang Duc in Altum (Im Leben tiefer gehen)","datePublished":"2018-05-03T08:49:56+00:00","dateModified":"2018-07-03T09:13:22+00:00","mainEntityOfPage":{"@id":"https:\/\/www.kathtreff.org\/blog\/26-8-1-8-2018-sommerstrandurlaub-mit-tiefgang\/"},"wordCount":652,"commentCount":0,"image":{"@id":"https:\/\/www.kathtreff.org\/blog\/26-8-1-8-2018-sommerstrandurlaub-mit-tiefgang\/#primaryimage"},"thumbnailUrl":"https:\/\/www.kathtreff.org\/blog\/wp-content\/uploads\/2016\/03\/glavotok01.jpg","articleSection":["Single leben","Singleb\u00f6rse","Singletreff"],"inLanguage":"de","potentialAction":[{"@type":"CommentAction","name":"Comment","target":["https:\/\/www.kathtreff.org\/blog\/26-8-1-8-2018-sommerstrandurlaub-mit-tiefgang\/#respond"]}]},{"@type":"WebPage","@id":"https:\/\/www.kathtreff.org\/blog\/26-8-1-8-2018-sommerstrandurlaub-mit-tiefgang\/","url":"https:\/\/www.kathtreff.org\/blog\/26-8-1-8-2018-sommerstrandurlaub-mit-tiefgang\/","name":"26.8. - 1.9.2018 Sommerstrandurlaub mit Tiefgang Duc in Altum (Im Leben tiefer gehen) - kathTreff Blog","isPartOf":{"@id":"https:\/\/www.kathtreff.org\/blog\/#website"},"primaryImageOfPage":{"@id":"https:\/\/www.kathtreff.org\/blog\/26-8-1-8-2018-sommerstrandurlaub-mit-tiefgang\/#primaryimage"},"image":{"@id":"https:\/\/www.kathtreff.org\/blog\/26-8-1-8-2018-sommerstrandurlaub-mit-tiefgang\/#primaryimage"},"thumbnailUrl":"https:\/\/www.kathtreff.org\/blog\/wp-content\/uploads\/2016\/03\/glavotok01.jpg","datePublished":"2018-05-03T08:49:56+00:00","dateModified":"2018-07-03T09:13:22+00:00","author":{"@id":"https:\/\/www.kathtreff.org\/blog\/#\/schema\/person\/3d0d193090d342d7050d69fe5195501d"},"breadcrumb":{"@id":"https:\/\/www.kathtreff.org\/blog\/26-8-1-8-2018-sommerstrandurlaub-mit-tiefgang\/#breadcrumb"},"inLanguage":"de","potentialAction":[{"@type":"ReadAction","target":["https:\/\/www.kathtreff.org\/blog\/26-8-1-8-2018-sommerstrandurlaub-mit-tiefgang\/"]}]},{"@type":"ImageObject","inLanguage":"de","@id":"https:\/\/www.kathtreff.org\/blog\/26-8-1-8-2018-sommerstrandurlaub-mit-tiefgang\/#primaryimage","url":"https:\/\/www.kathtreff.org\/blog\/wp-content\/uploads\/2016\/03\/glavotok01.jpg","contentUrl":"https:\/\/www.kathtreff.org\/blog\/wp-content\/uploads\/2016\/03\/glavotok01.jpg","width":1024,"height":767},{"@type":"BreadcrumbList","@id":"https:\/\/www.kathtreff.org\/blog\/26-8-1-8-2018-sommerstrandurlaub-mit-tiefgang\/#breadcrumb","itemListElement":[{"@type":"ListItem","position":1,"name":"Home","item":"https:\/\/www.kathtreff.org\/blog\/"},{"@type":"ListItem","position":2,"name":"26.8. &#8211; 1.9.2018 Sommerstrandurlaub mit Tiefgang Duc in Altum (Im Leben tiefer gehen)"}]},{"@type":"WebSite","@id":"https:\/\/www.kathtreff.org\/blog\/#website","url":"https:\/\/www.kathtreff.org\/blog\/","name":"kathTreff Blog","description":"Partnersuche f\u00fcr katholische Singles","potentialAction":[{"@type":"SearchAction","target":{"@type":"EntryPoint","urlTemplate":"https:\/\/www.kathtreff.org\/blog\/?s={search_term_string}"},"query-input":{"@type":"PropertyValueSpecification","valueRequired":true,"valueName":"search_term_string"}}],"inLanguage":"de"},{"@type":"Person","@id":"https:\/\/www.kathtreff.org\/blog\/#\/schema\/person\/3d0d193090d342d7050d69fe5195501d","name":"kathTreff Office","image":{"@type":"ImageObject","inLanguage":"de","@id":"https:\/\/secure.gravatar.com\/avatar\/b24165eda34d07f0ae23b51332709e2a63d3b87267604d04c369c2f4281a3630?s=96&d=mm&r=g","url":"https:\/\/secure.gravatar.com\/avatar\/b24165eda34d07f0ae23b51332709e2a63d3b87267604d04c369c2f4281a3630?s=96&d=mm&r=g","contentUrl":"https:\/\/secure.gravatar.com\/avatar\/b24165eda34d07f0ae23b51332709e2a63d3b87267604d04c369c2f4281a3630?s=96&d=mm&r=g","caption":"kathTreff Office"},"url":"https:\/\/www.kathtreff.org\/blog\/author\/kathtreff-office\/"}]}},"_links":{"self":[{"href":"https:\/\/www.kathtreff.org\/blog\/wp-json\/wp\/v2\/posts\/2075","targetHints":{"allow":["GET"]}}],"collection":[{"href":"https:\/\/www.kathtreff.org\/blog\/wp-json\/wp\/v2\/posts"}],"about":[{"href":"https:\/\/www.kathtreff.org\/blog\/wp-json\/wp\/v2\/types\/post"}],"author":[{"embeddable":true,"href":"https:\/\/www.kathtreff.org\/blog\/wp-json\/wp\/v2\/users\/3"}],"replies":[{"embeddable":true,"href":"https:\/\/www.kathtreff.org\/blog\/wp-json\/wp\/v2\/comments?post=2075"}],"version-history":[{"count":9,"href":"https:\/\/www.kathtreff.org\/blog\/wp-json\/wp\/v2\/posts\/2075\/revisions"}],"predecessor-version":[{"id":2103,"href":"https:\/\/www.kathtreff.org\/blog\/wp-json\/wp\/v2\/posts\/2075\/revisions\/2103"}],"wp:featuredmedia":[{"embeddable":true,"href":"https:\/\/www.kathtreff.org\/blog\/wp-json\/wp\/v2\/media\/1226"}],"wp:attachment":[{"href":"https:\/\/www.kathtreff.org\/blog\/wp-json\/wp\/v2\/media?parent=2075"}],"wp:term":[{"taxonomy":"category","embeddable":true,"href":"https:\/\/www.kathtreff.org\/blog\/wp-json\/wp\/v2\/categories?post=2075"},{"taxonomy":"post_tag","embeddable":true,"href":"https:\/\/www.kathtreff.org\/blog\/wp-json\/wp\/v2\/tags?post=2075"},{"taxonomy":"promotion","embeddable":true,"href":"https:\/\/www.kathtreff.org\/blog\/wp-json\/wp\/v2\/promotion?post=2075"}],"curies":[{"name":"wp","href":"https:\/\/api.w.org\/{rel}","templated":true}]}}