{"id":1957,"date":"2017-08-18T17:37:24","date_gmt":"2017-08-18T16:37:24","guid":{"rendered":"https:\/\/www.kathtreff.org\/blog\/?p=1957"},"modified":"2020-04-14T20:50:02","modified_gmt":"2020-04-14T19:50:02","slug":"gudrun-kugler-tritt-bei-der-nationalratswahl-2017-an","status":"publish","type":"post","link":"https:\/\/www.kathtreff.org\/blog\/gudrun-kugler-tritt-bei-der-nationalratswahl-2017-an\/","title":{"rendered":"Gudrun Kugler tritt bei der Nationalratswahl 2017 an"},"content":{"rendered":"<p>kathTreff-Gr\u00fcnderin Gudrun Kugler&nbsp;wird im&nbsp;Wahlkreis Wien Nord als VP-Spitzenkandidatin antreten.&nbsp;Damit k\u00f6nnen&nbsp;sie die&nbsp;Floridsdorfer&nbsp;(21. Bezirk) und die Donaust\u00e4dter&nbsp;(22. Bezirk) in den \u00f6sterreichischen Nationalrat w\u00e4hlen. Wenn es gelingt, wird sie nat\u00fcrlich die&nbsp;Anliegen aller \u00d6sterreicherinnen und \u00d6sterreicher engagiert vertreten.<\/p>\n<p>Wovon h\u00e4ngt es ab, ob sie&nbsp;ein Nationalratsmandat erreicht?&nbsp;Die Liste Kurz muss in den beiden Bezirken des Wahlkreises Wien Nord ein Plus von 6,5% erreichen (insgesamt ca. 16,7%).&nbsp;Es k\u00f6nnte sich ausgehen!<\/p>\n<p><strong>Weitere Informationen \/ Unterst\u00fctzen \/ Mitmachen:<\/strong> <a href=\"http:\/\/www.gudrunkugler.at\">www.gudrunkugler.at<\/a><\/p>\n","protected":false},"excerpt":{"rendered":"<p>kathTreff-Gr\u00fcnderin Gudrun Kugler&nbsp;wird im&nbsp;Wahlkreis Wien Nord als VP-Spitzenkandidatin antreten.&nbsp;Damit k\u00f6nnen&nbsp;sie die&nbsp;Floridsdorfer&nbsp;(21. Bezirk) und die Donaust\u00e4dter&nbsp;(22. Bezirk) in den \u00f6sterreichischen Nationalrat w\u00e4hlen. Wenn es gelingt, wird sie nat\u00fcrlich die&nbsp;Anliegen aller \u00d6sterreicherinnen und \u00d6sterreicher engagiert vertreten. Wovon h\u00e4ngt es ab, ob sie&nbsp;ein Nationalratsmandat erreicht?&nbsp;Die Liste Kurz muss in den beiden Bezirken des Wahlkreises Wien Nord ein Plus [&hellip;]<\/p>\n","protected":false},"author":2,"featured_media":1958,"comment_status":"open","ping_status":"open","sticky":false,"template":"","format":"standard","meta":{"_genesis_hide_title":false,"_genesis_hide_breadcrumbs":false,"_genesis_hide_singular_image":false,"_genesis_hide_footer_widgets":false,"_genesis_custom_body_class":"","_genesis_custom_post_class":"","_genesis_layout":"","footnotes":""},"categories":[1],"tags":[],"promotion":[],"class_list":{"0":"post-1957","1":"post","2":"type-post","3":"status-publish","4":"format-standard","5":"has-post-thumbnail","7":"category-uncategorized","8":"entry"},"yoast_head":"<!-- This site is optimized with the Yoast SEO plugin v27.5 - https:\/\/yoast.com\/product\/yoast-seo-wordpress\/ -->\n<title>Gudrun Kugler tritt bei der Nationalratswahl 2017 an - kathTreff Blog<\/title>\n<meta name=\"robots\" content=\"index, follow, max-snippet:-1, max-image-preview:large, max-video-preview:-1\" \/>\n<link rel=\"canonical\" href=\"https:\/\/www.kathtreff.org\/blog\/gudrun-kugler-tritt-bei-der-nationalratswahl-2017-an\/\" \/>\n<meta name=\"twitter:label1\" content=\"Verfasst von\" \/>\n\t<meta name=\"twitter:data1\" content=\"Gudrun Kugler\" \/>\n<script type=\"application\/ld+json\" class=\"yoast-schema-graph\">{\"@context\":\"https:\\\/\\\/schema.org\",\"@graph\":[{\"@type\":\"Article\",\"@id\":\"https:\\\/\\\/www.kathtreff.org\\\/blog\\\/gudrun-kugler-tritt-bei-der-nationalratswahl-2017-an\\\/#article\",\"isPartOf\":{\"@id\":\"https:\\\/\\\/www.kathtreff.org\\\/blog\\\/gudrun-kugler-tritt-bei-der-nationalratswahl-2017-an\\\/\"},\"author\":{\"name\":\"Gudrun Kugler\",\"@id\":\"https:\\\/\\\/www.kathtreff.org\\\/blog\\\/#\\\/schema\\\/person\\\/a9a9e850ffe37a58e9703ea081de5f33\"},\"headline\":\"Gudrun Kugler tritt bei der Nationalratswahl 2017 an\",\"datePublished\":\"2017-08-18T16:37:24+00:00\",\"dateModified\":\"2020-04-14T19:50:02+00:00\",\"mainEntityOfPage\":{\"@id\":\"https:\\\/\\\/www.kathtreff.org\\\/blog\\\/gudrun-kugler-tritt-bei-der-nationalratswahl-2017-an\\\/\"},\"wordCount\":104,\"commentCount\":0,\"image\":{\"@id\":\"https:\\\/\\\/www.kathtreff.org\\\/blog\\\/gudrun-kugler-tritt-bei-der-nationalratswahl-2017-an\\\/#primaryimage\"},\"thumbnailUrl\":\"https:\\\/\\\/www.kathtreff.org\\\/blog\\\/wp-content\\\/uploads\\\/2017\\\/09\\\/Kugler-Postkarte-allgemein_A5Q_WEB.png\",\"articleSection\":[\"Uncategorized\"],\"inLanguage\":\"de\",\"potentialAction\":[{\"@type\":\"CommentAction\",\"name\":\"Comment\",\"target\":[\"https:\\\/\\\/www.kathtreff.org\\\/blog\\\/gudrun-kugler-tritt-bei-der-nationalratswahl-2017-an\\\/#respond\"]}]},{\"@type\":\"WebPage\",\"@id\":\"https:\\\/\\\/www.kathtreff.org\\\/blog\\\/gudrun-kugler-tritt-bei-der-nationalratswahl-2017-an\\\/\",\"url\":\"https:\\\/\\\/www.kathtreff.org\\\/blog\\\/gudrun-kugler-tritt-bei-der-nationalratswahl-2017-an\\\/\",\"name\":\"Gudrun Kugler tritt bei der Nationalratswahl 2017 an - kathTreff Blog\",\"isPartOf\":{\"@id\":\"https:\\\/\\\/www.kathtreff.org\\\/blog\\\/#website\"},\"primaryImageOfPage\":{\"@id\":\"https:\\\/\\\/www.kathtreff.org\\\/blog\\\/gudrun-kugler-tritt-bei-der-nationalratswahl-2017-an\\\/#primaryimage\"},\"image\":{\"@id\":\"https:\\\/\\\/www.kathtreff.org\\\/blog\\\/gudrun-kugler-tritt-bei-der-nationalratswahl-2017-an\\\/#primaryimage\"},\"thumbnailUrl\":\"https:\\\/\\\/www.kathtreff.org\\\/blog\\\/wp-content\\\/uploads\\\/2017\\\/09\\\/Kugler-Postkarte-allgemein_A5Q_WEB.png\",\"datePublished\":\"2017-08-18T16:37:24+00:00\",\"dateModified\":\"2020-04-14T19:50:02+00:00\",\"author\":{\"@id\":\"https:\\\/\\\/www.kathtreff.org\\\/blog\\\/#\\\/schema\\\/person\\\/a9a9e850ffe37a58e9703ea081de5f33\"},\"breadcrumb\":{\"@id\":\"https:\\\/\\\/www.kathtreff.org\\\/blog\\\/gudrun-kugler-tritt-bei-der-nationalratswahl-2017-an\\\/#breadcrumb\"},\"inLanguage\":\"de\",\"potentialAction\":[{\"@type\":\"ReadAction\",\"target\":[\"https:\\\/\\\/www.kathtreff.org\\\/blog\\\/gudrun-kugler-tritt-bei-der-nationalratswahl-2017-an\\\/\"]}]},{\"@type\":\"ImageObject\",\"inLanguage\":\"de\",\"@id\":\"https:\\\/\\\/www.kathtreff.org\\\/blog\\\/gudrun-kugler-tritt-bei-der-nationalratswahl-2017-an\\\/#primaryimage\",\"url\":\"https:\\\/\\\/www.kathtreff.org\\\/blog\\\/wp-content\\\/uploads\\\/2017\\\/09\\\/Kugler-Postkarte-allgemein_A5Q_WEB.png\",\"contentUrl\":\"https:\\\/\\\/www.kathtreff.org\\\/blog\\\/wp-content\\\/uploads\\\/2017\\\/09\\\/Kugler-Postkarte-allgemein_A5Q_WEB.png\",\"width\":2528,\"height\":1798},{\"@type\":\"BreadcrumbList\",\"@id\":\"https:\\\/\\\/www.kathtreff.org\\\/blog\\\/gudrun-kugler-tritt-bei-der-nationalratswahl-2017-an\\\/#breadcrumb\",\"itemListElement\":[{\"@type\":\"ListItem\",\"position\":1,\"name\":\"Home\",\"item\":\"https:\\\/\\\/www.kathtreff.org\\\/blog\\\/\"},{\"@type\":\"ListItem\",\"position\":2,\"name\":\"Gudrun Kugler tritt bei der Nationalratswahl 2017 an\"}]},{\"@type\":\"WebSite\",\"@id\":\"https:\\\/\\\/www.kathtreff.org\\\/blog\\\/#website\",\"url\":\"https:\\\/\\\/www.kathtreff.org\\\/blog\\\/\",\"name\":\"kathTreff Blog\",\"description\":\"Partnersuche f\u00fcr katholische Singles\",\"potentialAction\":[{\"@type\":\"SearchAction\",\"target\":{\"@type\":\"EntryPoint\",\"urlTemplate\":\"https:\\\/\\\/www.kathtreff.org\\\/blog\\\/?s={search_term_string}\"},\"query-input\":{\"@type\":\"PropertyValueSpecification\",\"valueRequired\":true,\"valueName\":\"search_term_string\"}}],\"inLanguage\":\"de\"},{\"@type\":\"Person\",\"@id\":\"https:\\\/\\\/www.kathtreff.org\\\/blog\\\/#\\\/schema\\\/person\\\/a9a9e850ffe37a58e9703ea081de5f33\",\"name\":\"Gudrun Kugler\",\"image\":{\"@type\":\"ImageObject\",\"inLanguage\":\"de\",\"@id\":\"https:\\\/\\\/secure.gravatar.com\\\/avatar\\\/7c04d6fc65a215eb07cad8d69adaad970edf78f002e2ef97dd03a6bbe75e5b48?s=96&d=mm&r=g\",\"url\":\"https:\\\/\\\/secure.gravatar.com\\\/avatar\\\/7c04d6fc65a215eb07cad8d69adaad970edf78f002e2ef97dd03a6bbe75e5b48?s=96&d=mm&r=g\",\"contentUrl\":\"https:\\\/\\\/secure.gravatar.com\\\/avatar\\\/7c04d6fc65a215eb07cad8d69adaad970edf78f002e2ef97dd03a6bbe75e5b48?s=96&d=mm&r=g\",\"caption\":\"Gudrun Kugler\"},\"sameAs\":[\"http:\\\/\\\/kathtreff.org\"],\"url\":\"https:\\\/\\\/www.kathtreff.org\\\/blog\\\/author\\\/gudrun\\\/\"}]}<\/script>\n<!-- \/ Yoast SEO plugin. -->","yoast_head_json":{"title":"Gudrun Kugler tritt bei der Nationalratswahl 2017 an - kathTreff Blog","robots":{"index":"index","follow":"follow","max-snippet":"max-snippet:-1","max-image-preview":"max-image-preview:large","max-video-preview":"max-video-preview:-1"},"canonical":"https:\/\/www.kathtreff.org\/blog\/gudrun-kugler-tritt-bei-der-nationalratswahl-2017-an\/","twitter_misc":{"Verfasst von":"Gudrun Kugler"},"schema":{"@context":"https:\/\/schema.org","@graph":[{"@type":"Article","@id":"https:\/\/www.kathtreff.org\/blog\/gudrun-kugler-tritt-bei-der-nationalratswahl-2017-an\/#article","isPartOf":{"@id":"https:\/\/www.kathtreff.org\/blog\/gudrun-kugler-tritt-bei-der-nationalratswahl-2017-an\/"},"author":{"name":"Gudrun Kugler","@id":"https:\/\/www.kathtreff.org\/blog\/#\/schema\/person\/a9a9e850ffe37a58e9703ea081de5f33"},"headline":"Gudrun Kugler tritt bei der Nationalratswahl 2017 an","datePublished":"2017-08-18T16:37:24+00:00","dateModified":"2020-04-14T19:50:02+00:00","mainEntityOfPage":{"@id":"https:\/\/www.kathtreff.org\/blog\/gudrun-kugler-tritt-bei-der-nationalratswahl-2017-an\/"},"wordCount":104,"commentCount":0,"image":{"@id":"https:\/\/www.kathtreff.org\/blog\/gudrun-kugler-tritt-bei-der-nationalratswahl-2017-an\/#primaryimage"},"thumbnailUrl":"https:\/\/www.kathtreff.org\/blog\/wp-content\/uploads\/2017\/09\/Kugler-Postkarte-allgemein_A5Q_WEB.png","articleSection":["Uncategorized"],"inLanguage":"de","potentialAction":[{"@type":"CommentAction","name":"Comment","target":["https:\/\/www.kathtreff.org\/blog\/gudrun-kugler-tritt-bei-der-nationalratswahl-2017-an\/#respond"]}]},{"@type":"WebPage","@id":"https:\/\/www.kathtreff.org\/blog\/gudrun-kugler-tritt-bei-der-nationalratswahl-2017-an\/","url":"https:\/\/www.kathtreff.org\/blog\/gudrun-kugler-tritt-bei-der-nationalratswahl-2017-an\/","name":"Gudrun Kugler tritt bei der Nationalratswahl 2017 an - kathTreff Blog","isPartOf":{"@id":"https:\/\/www.kathtreff.org\/blog\/#website"},"primaryImageOfPage":{"@id":"https:\/\/www.kathtreff.org\/blog\/gudrun-kugler-tritt-bei-der-nationalratswahl-2017-an\/#primaryimage"},"image":{"@id":"https:\/\/www.kathtreff.org\/blog\/gudrun-kugler-tritt-bei-der-nationalratswahl-2017-an\/#primaryimage"},"thumbnailUrl":"https:\/\/www.kathtreff.org\/blog\/wp-content\/uploads\/2017\/09\/Kugler-Postkarte-allgemein_A5Q_WEB.png","datePublished":"2017-08-18T16:37:24+00:00","dateModified":"2020-04-14T19:50:02+00:00","author":{"@id":"https:\/\/www.kathtreff.org\/blog\/#\/schema\/person\/a9a9e850ffe37a58e9703ea081de5f33"},"breadcrumb":{"@id":"https:\/\/www.kathtreff.org\/blog\/gudrun-kugler-tritt-bei-der-nationalratswahl-2017-an\/#breadcrumb"},"inLanguage":"de","potentialAction":[{"@type":"ReadAction","target":["https:\/\/www.kathtreff.org\/blog\/gudrun-kugler-tritt-bei-der-nationalratswahl-2017-an\/"]}]},{"@type":"ImageObject","inLanguage":"de","@id":"https:\/\/www.kathtreff.org\/blog\/gudrun-kugler-tritt-bei-der-nationalratswahl-2017-an\/#primaryimage","url":"https:\/\/www.kathtreff.org\/blog\/wp-content\/uploads\/2017\/09\/Kugler-Postkarte-allgemein_A5Q_WEB.png","contentUrl":"https:\/\/www.kathtreff.org\/blog\/wp-content\/uploads\/2017\/09\/Kugler-Postkarte-allgemein_A5Q_WEB.png","width":2528,"height":1798},{"@type":"BreadcrumbList","@id":"https:\/\/www.kathtreff.org\/blog\/gudrun-kugler-tritt-bei-der-nationalratswahl-2017-an\/#breadcrumb","itemListElement":[{"@type":"ListItem","position":1,"name":"Home","item":"https:\/\/www.kathtreff.org\/blog\/"},{"@type":"ListItem","position":2,"name":"Gudrun Kugler tritt bei der Nationalratswahl 2017 an"}]},{"@type":"WebSite","@id":"https:\/\/www.kathtreff.org\/blog\/#website","url":"https:\/\/www.kathtreff.org\/blog\/","name":"kathTreff Blog","description":"Partnersuche f\u00fcr katholische Singles","potentialAction":[{"@type":"SearchAction","target":{"@type":"EntryPoint","urlTemplate":"https:\/\/www.kathtreff.org\/blog\/?s={search_term_string}"},"query-input":{"@type":"PropertyValueSpecification","valueRequired":true,"valueName":"search_term_string"}}],"inLanguage":"de"},{"@type":"Person","@id":"https:\/\/www.kathtreff.org\/blog\/#\/schema\/person\/a9a9e850ffe37a58e9703ea081de5f33","name":"Gudrun Kugler","image":{"@type":"ImageObject","inLanguage":"de","@id":"https:\/\/secure.gravatar.com\/avatar\/7c04d6fc65a215eb07cad8d69adaad970edf78f002e2ef97dd03a6bbe75e5b48?s=96&d=mm&r=g","url":"https:\/\/secure.gravatar.com\/avatar\/7c04d6fc65a215eb07cad8d69adaad970edf78f002e2ef97dd03a6bbe75e5b48?s=96&d=mm&r=g","contentUrl":"https:\/\/secure.gravatar.com\/avatar\/7c04d6fc65a215eb07cad8d69adaad970edf78f002e2ef97dd03a6bbe75e5b48?s=96&d=mm&r=g","caption":"Gudrun Kugler"},"sameAs":["http:\/\/kathtreff.org"],"url":"https:\/\/www.kathtreff.org\/blog\/author\/gudrun\/"}]}},"_links":{"self":[{"href":"https:\/\/www.kathtreff.org\/blog\/wp-json\/wp\/v2\/posts\/1957","targetHints":{"allow":["GET"]}}],"collection":[{"href":"https:\/\/www.kathtreff.org\/blog\/wp-json\/wp\/v2\/posts"}],"about":[{"href":"https:\/\/www.kathtreff.org\/blog\/wp-json\/wp\/v2\/types\/post"}],"author":[{"embeddable":true,"href":"https:\/\/www.kathtreff.org\/blog\/wp-json\/wp\/v2\/users\/2"}],"replies":[{"embeddable":true,"href":"https:\/\/www.kathtreff.org\/blog\/wp-json\/wp\/v2\/comments?post=1957"}],"version-history":[{"count":3,"href":"https:\/\/www.kathtreff.org\/blog\/wp-json\/wp\/v2\/posts\/1957\/revisions"}],"predecessor-version":[{"id":2542,"href":"https:\/\/www.kathtreff.org\/blog\/wp-json\/wp\/v2\/posts\/1957\/revisions\/2542"}],"wp:featuredmedia":[{"embeddable":true,"href":"https:\/\/www.kathtreff.org\/blog\/wp-json\/wp\/v2\/media\/1958"}],"wp:attachment":[{"href":"https:\/\/www.kathtreff.org\/blog\/wp-json\/wp\/v2\/media?parent=1957"}],"wp:term":[{"taxonomy":"category","embeddable":true,"href":"https:\/\/www.kathtreff.org\/blog\/wp-json\/wp\/v2\/categories?post=1957"},{"taxonomy":"post_tag","embeddable":true,"href":"https:\/\/www.kathtreff.org\/blog\/wp-json\/wp\/v2\/tags?post=1957"},{"taxonomy":"promotion","embeddable":true,"href":"https:\/\/www.kathtreff.org\/blog\/wp-json\/wp\/v2\/promotion?post=1957"}],"curies":[{"name":"wp","href":"https:\/\/api.w.org\/{rel}","templated":true}]}}