{"id":1864,"date":"2017-10-30T07:14:55","date_gmt":"2017-10-30T06:14:55","guid":{"rendered":"https:\/\/www.kathtreff.org\/blog\/?p=1864"},"modified":"2017-10-09T10:45:22","modified_gmt":"2017-10-09T09:45:22","slug":"gott-und-ich-wer-ist-er-fuer-mich","status":"publish","type":"post","link":"https:\/\/www.kathtreff.org\/blog\/gott-und-ich-wer-ist-er-fuer-mich\/","title":{"rendered":"Gott und ich: Wer ist Er f\u00fcr mich?"},"content":{"rendered":"<p><strong>Wie siehst du\u00a0Gott? Wer ist Gott f\u00fcr dich?<\/strong>\u00a0Gott ist ein gro\u00dfes Geheimnis. In unserem ganzen Leben sind wir auf der Suche nach Ihm. Es ist ein Ringen, in den unser Bild von Gott immer klarer wird. Das Ringen brauchen wir in unserem Leben. So wird unsere Liebe tiefer.<\/p>\n<p><strong>Es gibt\u00a0verschiedene Bilder von Gott. Hier ein paar g\u00e4ngige falsche Bilder:<\/strong><\/p>\n<ul>\n<li><strong>Der Kaufmann:<\/strong> Ich bete und erwarte, ich verhandle mit Gott. Ich bem\u00fche mich, daf\u00fcr m\u00f6chte ich etwas haben. Im Johannesevangelium hei\u00dft es aber, \u201emacht das Haus meines Vaters nicht zu einer Markthalle.\u201c Gott ist kein Cola-Automat. Es geht um Anschauen, dasein, liebe, nicht um einen Tausch. Wir kommen mit leeren H\u00e4nden zu Ihm, wir k\u00f6nnen Seine Gnade nicht kaufen. Im Evangelium sehen wir, dass Jesus jene am meisten liebt, die ihn am meisten brauchen. Wenn unsere H\u00e4nde gef\u00fcllt sind, brauchen wir Gott ja eigentlich nicht.<\/li>\n<li><strong>Der Chef:<\/strong> Sehe ich Gott wie einen Chef, der seinen unw\u00fcrdigen Diener ausbeutet? Wenn Gottes Wille geschieht, bekomme ich dann sofort Krebs und werde schrecklich leiden? Sehe ich mich als einen unn\u00fctzen Knecht, der es Gott nicht recht machen kann? Oder den es nicht einmal braucht, weil Gott sowieso viele andere Knechte hat? Dieses Gottesbild steht aber im Widerspruch zu vielen Bibelstellen: Fu\u00dfwaschung; das Versprochen auf ein \u201eLeben in F\u00fclle\u201c, Jesus, der hingeht um mir einen Platz bei Sich, am Tisch des Festmahls zu bereiten, Jesus, der Wasser in Wien verwandelt.<\/li>\n<li><strong>Der Richter:<\/strong> Denke ich, dass Gott einfach der strenge Richter ist, der alles, was ich falsch mache, in ein gro\u00dfes Buch schreibt? Der mit mir abrechnet? Der eigentlich nicht barmherzig ist, weil ich wie bei einem Polizisten einfach zahlen muss. Wenn ich einen Polizisten sehe, dann schaue ich zuerst auf den Tacho. Aber bei Gott ist das anders: Die Grenze seiner Barmherzigkeit ist nur, wie viel ich selbst annehmen kann. Je gr\u00f6\u00dfer das Elend, desto gr\u00f6\u00dfer die Barmherzigkeit!<\/li>\n<li><strong>Der L\u00fcckenf\u00fcller:<\/strong> Wenn ich gerade jemanden brauche, wende ich mich Gott zu. Wenn meine Freunde wieder Zeit haben, vergesse ich auf ihn. Ein Kamerad, wenn ich ihn brauche.<\/li>\n<\/ul>\n<p><strong>Wenn Gott nicht Kaufmann, Chef, Richter oder L\u00fcckenf\u00fcller\u00a0ist, wer ist Er dann? So beschreibt Er sich selbst:<\/strong><\/p>\n<ul>\n<li><strong>Der Freund:<\/strong> \u201eIch habe euch Freunde genannt\u201c, weil es uns alles mitgeteilt hat&#8230; Er hat keine Geheimnisse vor uns. In der Heiligen Schrift entdecken wir den das gro\u00dfe Geheimnis Gottes. In einer Freundschaft werden die Worte weniger. Weil man sich blind versteht in der Liebe. So ist es auch im Gebetsleben. Man muss sich immer von der guten Seite zeigen. Bei Gott darf ich so sein, wie ich bin. Der Freund hilft mir aus meinen Schw\u00e4chen heraus. Man liebt den Freund ohne etwas von ihm zu erwarten. Gott nennt sich selber \u201eJahwe\u201c (Ich bin, der ich bin) und \u201eEmmanuel\u201c (Gott mit uns). Beide Namen unterstreichen, dass Gott mit uns die Freundschaft sucht.<\/li>\n<li><strong>Der Vater, der Bruder:<\/strong> Wenn Jesus unser Bruder ist, dann ist Gott auch unser Vater. Das hei\u00dft, dass Er alles mit uns teilt. Mein Vater kann alles! Gott liebt mich nicht, weil ich gut bin, oder schlecht bin. Er liebt mich, weil ich bin. Lieben hei\u00dft verzeihen \u2013 hei\u00dft immer einen Grund suchen zu verzeihen: \u201eVater, vergib\u2019 ihnen, denn sie wissen nicht was sie tun.\u201c<\/li>\n<\/ul>\n<p><strong>Wie kann ich Gott besser kennenlernen als Freund und als Vater?<\/strong> Ein gutes Mittel ist das Lesen der Bibel: Gott ist langm\u00fctig und barmherzig, Er ist g\u00fctig und immer da, Er kennt keine Eifersucht und keinen Neid. Er steht schon an der T\u00fcr \u2013 wir m\u00fcssen eigentlich nicht einmal klingeln.<\/p>\n<p><strong>Was sagt Er uns?<\/strong> \u201eHab Vertrauen.\u201c \u201eDeine S\u00fcnden sind dir vergeben.\u201c \u201eF\u00fcrchte Dich nicht.\u201c Gott ist mein Hirte, u.s.w. In der Bibel lernen wir Gott kennen. Im Gebet k\u00f6nnen wir Gott bitten: \u201eSchenke mir ein wahres Bild von Dir!\u201c<\/p>\n<p><em>Basierend auf einen Vortrag von Schwester Clarissa Strnisko Csj<\/em><\/p>\n<p><strong>Weitere interessante Texte von Sr. Clarissa:\u00a0<\/strong><\/p>\n<p><a href=\"https:\/\/www.kathtreff.org\/blog\/beten-wie-geht-das-eine-kleine-einfuehrung\/\" target=\"_blank\">Beten &#8211; wie geht das?<\/a><\/p>\n<p><a href=\"https:\/\/www.kathtreff.org\/blog\/achtung-baustelle-challenges-im-gebetsleben\/\" target=\"_blank\">Baustellen im Gebetsleben <\/a><\/p>\n<p><a href=\"https:\/\/www.kathtreff.org\/blog\/lebe-ich-meinem-leben-vorbei-ueber-die-fuelle-der-heiligkeit\/\" target=\"_blank\">\u00dcber die F\u00fclle in der Heiligkeit<\/a><\/p>\n<p>&nbsp;<\/p>\n","protected":false},"excerpt":{"rendered":"<p>Wie siehst du\u00a0Gott? Wer ist Gott f\u00fcr dich?\u00a0Gott ist ein gro\u00dfes Geheimnis. In unserem ganzen Leben sind wir auf der Suche nach Ihm. Es ist ein Ringen, in den unser Bild von Gott immer klarer wird. Das Ringen brauchen wir in unserem Leben. So wird unsere Liebe tiefer. Es gibt\u00a0verschiedene Bilder von Gott. Hier ein [&hellip;]<\/p>\n","protected":false},"author":2,"featured_media":1886,"comment_status":"open","ping_status":"open","sticky":false,"template":"","format":"standard","meta":{"_genesis_hide_title":false,"_genesis_hide_breadcrumbs":false,"_genesis_hide_singular_image":false,"_genesis_hide_footer_widgets":false,"_genesis_custom_body_class":"","_genesis_custom_post_class":"","_genesis_layout":"","footnotes":""},"categories":[4],"tags":[],"promotion":[],"class_list":{"0":"post-1864","1":"post","2":"type-post","3":"status-publish","4":"format-standard","5":"has-post-thumbnail","7":"category-single-leben","8":"entry"},"yoast_head":"<!-- This site is optimized with the Yoast SEO plugin v27.5 - https:\/\/yoast.com\/product\/yoast-seo-wordpress\/ -->\n<title>Gott und ich: Wer ist Er f\u00fcr mich? - kathTreff Blog<\/title>\n<meta name=\"robots\" content=\"index, follow, max-snippet:-1, max-image-preview:large, max-video-preview:-1\" \/>\n<link rel=\"canonical\" href=\"https:\/\/www.kathtreff.org\/blog\/gott-und-ich-wer-ist-er-fuer-mich\/\" \/>\n<meta name=\"twitter:label1\" content=\"Verfasst von\" \/>\n\t<meta name=\"twitter:data1\" content=\"Gudrun Kugler\" \/>\n\t<meta name=\"twitter:label2\" content=\"Gesch\u00e4tzte Lesezeit\" \/>\n\t<meta name=\"twitter:data2\" content=\"3\u00a0Minuten\" \/>\n<script type=\"application\/ld+json\" class=\"yoast-schema-graph\">{\"@context\":\"https:\\\/\\\/schema.org\",\"@graph\":[{\"@type\":\"Article\",\"@id\":\"https:\\\/\\\/www.kathtreff.org\\\/blog\\\/gott-und-ich-wer-ist-er-fuer-mich\\\/#article\",\"isPartOf\":{\"@id\":\"https:\\\/\\\/www.kathtreff.org\\\/blog\\\/gott-und-ich-wer-ist-er-fuer-mich\\\/\"},\"author\":{\"name\":\"Gudrun Kugler\",\"@id\":\"https:\\\/\\\/www.kathtreff.org\\\/blog\\\/#\\\/schema\\\/person\\\/a9a9e850ffe37a58e9703ea081de5f33\"},\"headline\":\"Gott und ich: Wer ist Er f\u00fcr mich?\",\"datePublished\":\"2017-10-30T06:14:55+00:00\",\"mainEntityOfPage\":{\"@id\":\"https:\\\/\\\/www.kathtreff.org\\\/blog\\\/gott-und-ich-wer-ist-er-fuer-mich\\\/\"},\"wordCount\":702,\"commentCount\":0,\"image\":{\"@id\":\"https:\\\/\\\/www.kathtreff.org\\\/blog\\\/gott-und-ich-wer-ist-er-fuer-mich\\\/#primaryimage\"},\"thumbnailUrl\":\"https:\\\/\\\/www.kathtreff.org\\\/blog\\\/wp-content\\\/uploads\\\/2017\\\/07\\\/person-371015_1920-2.jpg\",\"articleSection\":[\"Single leben\"],\"inLanguage\":\"de\",\"potentialAction\":[{\"@type\":\"CommentAction\",\"name\":\"Comment\",\"target\":[\"https:\\\/\\\/www.kathtreff.org\\\/blog\\\/gott-und-ich-wer-ist-er-fuer-mich\\\/#respond\"]}]},{\"@type\":\"WebPage\",\"@id\":\"https:\\\/\\\/www.kathtreff.org\\\/blog\\\/gott-und-ich-wer-ist-er-fuer-mich\\\/\",\"url\":\"https:\\\/\\\/www.kathtreff.org\\\/blog\\\/gott-und-ich-wer-ist-er-fuer-mich\\\/\",\"name\":\"Gott und ich: Wer ist Er f\u00fcr mich? - kathTreff Blog\",\"isPartOf\":{\"@id\":\"https:\\\/\\\/www.kathtreff.org\\\/blog\\\/#website\"},\"primaryImageOfPage\":{\"@id\":\"https:\\\/\\\/www.kathtreff.org\\\/blog\\\/gott-und-ich-wer-ist-er-fuer-mich\\\/#primaryimage\"},\"image\":{\"@id\":\"https:\\\/\\\/www.kathtreff.org\\\/blog\\\/gott-und-ich-wer-ist-er-fuer-mich\\\/#primaryimage\"},\"thumbnailUrl\":\"https:\\\/\\\/www.kathtreff.org\\\/blog\\\/wp-content\\\/uploads\\\/2017\\\/07\\\/person-371015_1920-2.jpg\",\"datePublished\":\"2017-10-30T06:14:55+00:00\",\"author\":{\"@id\":\"https:\\\/\\\/www.kathtreff.org\\\/blog\\\/#\\\/schema\\\/person\\\/a9a9e850ffe37a58e9703ea081de5f33\"},\"breadcrumb\":{\"@id\":\"https:\\\/\\\/www.kathtreff.org\\\/blog\\\/gott-und-ich-wer-ist-er-fuer-mich\\\/#breadcrumb\"},\"inLanguage\":\"de\",\"potentialAction\":[{\"@type\":\"ReadAction\",\"target\":[\"https:\\\/\\\/www.kathtreff.org\\\/blog\\\/gott-und-ich-wer-ist-er-fuer-mich\\\/\"]}]},{\"@type\":\"ImageObject\",\"inLanguage\":\"de\",\"@id\":\"https:\\\/\\\/www.kathtreff.org\\\/blog\\\/gott-und-ich-wer-ist-er-fuer-mich\\\/#primaryimage\",\"url\":\"https:\\\/\\\/www.kathtreff.org\\\/blog\\\/wp-content\\\/uploads\\\/2017\\\/07\\\/person-371015_1920-2.jpg\",\"contentUrl\":\"https:\\\/\\\/www.kathtreff.org\\\/blog\\\/wp-content\\\/uploads\\\/2017\\\/07\\\/person-371015_1920-2.jpg\",\"width\":1920,\"height\":1277},{\"@type\":\"BreadcrumbList\",\"@id\":\"https:\\\/\\\/www.kathtreff.org\\\/blog\\\/gott-und-ich-wer-ist-er-fuer-mich\\\/#breadcrumb\",\"itemListElement\":[{\"@type\":\"ListItem\",\"position\":1,\"name\":\"Home\",\"item\":\"https:\\\/\\\/www.kathtreff.org\\\/blog\\\/\"},{\"@type\":\"ListItem\",\"position\":2,\"name\":\"Gott und ich: Wer ist Er f\u00fcr mich?\"}]},{\"@type\":\"WebSite\",\"@id\":\"https:\\\/\\\/www.kathtreff.org\\\/blog\\\/#website\",\"url\":\"https:\\\/\\\/www.kathtreff.org\\\/blog\\\/\",\"name\":\"kathTreff Blog\",\"description\":\"Partnersuche f\u00fcr katholische Singles\",\"potentialAction\":[{\"@type\":\"SearchAction\",\"target\":{\"@type\":\"EntryPoint\",\"urlTemplate\":\"https:\\\/\\\/www.kathtreff.org\\\/blog\\\/?s={search_term_string}\"},\"query-input\":{\"@type\":\"PropertyValueSpecification\",\"valueRequired\":true,\"valueName\":\"search_term_string\"}}],\"inLanguage\":\"de\"},{\"@type\":\"Person\",\"@id\":\"https:\\\/\\\/www.kathtreff.org\\\/blog\\\/#\\\/schema\\\/person\\\/a9a9e850ffe37a58e9703ea081de5f33\",\"name\":\"Gudrun Kugler\",\"image\":{\"@type\":\"ImageObject\",\"inLanguage\":\"de\",\"@id\":\"https:\\\/\\\/secure.gravatar.com\\\/avatar\\\/7c04d6fc65a215eb07cad8d69adaad970edf78f002e2ef97dd03a6bbe75e5b48?s=96&d=mm&r=g\",\"url\":\"https:\\\/\\\/secure.gravatar.com\\\/avatar\\\/7c04d6fc65a215eb07cad8d69adaad970edf78f002e2ef97dd03a6bbe75e5b48?s=96&d=mm&r=g\",\"contentUrl\":\"https:\\\/\\\/secure.gravatar.com\\\/avatar\\\/7c04d6fc65a215eb07cad8d69adaad970edf78f002e2ef97dd03a6bbe75e5b48?s=96&d=mm&r=g\",\"caption\":\"Gudrun Kugler\"},\"sameAs\":[\"http:\\\/\\\/kathtreff.org\"],\"url\":\"https:\\\/\\\/www.kathtreff.org\\\/blog\\\/author\\\/gudrun\\\/\"}]}<\/script>\n<!-- \/ Yoast SEO plugin. -->","yoast_head_json":{"title":"Gott und ich: Wer ist Er f\u00fcr mich? - kathTreff Blog","robots":{"index":"index","follow":"follow","max-snippet":"max-snippet:-1","max-image-preview":"max-image-preview:large","max-video-preview":"max-video-preview:-1"},"canonical":"https:\/\/www.kathtreff.org\/blog\/gott-und-ich-wer-ist-er-fuer-mich\/","twitter_misc":{"Verfasst von":"Gudrun Kugler","Gesch\u00e4tzte Lesezeit":"3\u00a0Minuten"},"schema":{"@context":"https:\/\/schema.org","@graph":[{"@type":"Article","@id":"https:\/\/www.kathtreff.org\/blog\/gott-und-ich-wer-ist-er-fuer-mich\/#article","isPartOf":{"@id":"https:\/\/www.kathtreff.org\/blog\/gott-und-ich-wer-ist-er-fuer-mich\/"},"author":{"name":"Gudrun Kugler","@id":"https:\/\/www.kathtreff.org\/blog\/#\/schema\/person\/a9a9e850ffe37a58e9703ea081de5f33"},"headline":"Gott und ich: Wer ist Er f\u00fcr mich?","datePublished":"2017-10-30T06:14:55+00:00","mainEntityOfPage":{"@id":"https:\/\/www.kathtreff.org\/blog\/gott-und-ich-wer-ist-er-fuer-mich\/"},"wordCount":702,"commentCount":0,"image":{"@id":"https:\/\/www.kathtreff.org\/blog\/gott-und-ich-wer-ist-er-fuer-mich\/#primaryimage"},"thumbnailUrl":"https:\/\/www.kathtreff.org\/blog\/wp-content\/uploads\/2017\/07\/person-371015_1920-2.jpg","articleSection":["Single leben"],"inLanguage":"de","potentialAction":[{"@type":"CommentAction","name":"Comment","target":["https:\/\/www.kathtreff.org\/blog\/gott-und-ich-wer-ist-er-fuer-mich\/#respond"]}]},{"@type":"WebPage","@id":"https:\/\/www.kathtreff.org\/blog\/gott-und-ich-wer-ist-er-fuer-mich\/","url":"https:\/\/www.kathtreff.org\/blog\/gott-und-ich-wer-ist-er-fuer-mich\/","name":"Gott und ich: Wer ist Er f\u00fcr mich? - kathTreff Blog","isPartOf":{"@id":"https:\/\/www.kathtreff.org\/blog\/#website"},"primaryImageOfPage":{"@id":"https:\/\/www.kathtreff.org\/blog\/gott-und-ich-wer-ist-er-fuer-mich\/#primaryimage"},"image":{"@id":"https:\/\/www.kathtreff.org\/blog\/gott-und-ich-wer-ist-er-fuer-mich\/#primaryimage"},"thumbnailUrl":"https:\/\/www.kathtreff.org\/blog\/wp-content\/uploads\/2017\/07\/person-371015_1920-2.jpg","datePublished":"2017-10-30T06:14:55+00:00","author":{"@id":"https:\/\/www.kathtreff.org\/blog\/#\/schema\/person\/a9a9e850ffe37a58e9703ea081de5f33"},"breadcrumb":{"@id":"https:\/\/www.kathtreff.org\/blog\/gott-und-ich-wer-ist-er-fuer-mich\/#breadcrumb"},"inLanguage":"de","potentialAction":[{"@type":"ReadAction","target":["https:\/\/www.kathtreff.org\/blog\/gott-und-ich-wer-ist-er-fuer-mich\/"]}]},{"@type":"ImageObject","inLanguage":"de","@id":"https:\/\/www.kathtreff.org\/blog\/gott-und-ich-wer-ist-er-fuer-mich\/#primaryimage","url":"https:\/\/www.kathtreff.org\/blog\/wp-content\/uploads\/2017\/07\/person-371015_1920-2.jpg","contentUrl":"https:\/\/www.kathtreff.org\/blog\/wp-content\/uploads\/2017\/07\/person-371015_1920-2.jpg","width":1920,"height":1277},{"@type":"BreadcrumbList","@id":"https:\/\/www.kathtreff.org\/blog\/gott-und-ich-wer-ist-er-fuer-mich\/#breadcrumb","itemListElement":[{"@type":"ListItem","position":1,"name":"Home","item":"https:\/\/www.kathtreff.org\/blog\/"},{"@type":"ListItem","position":2,"name":"Gott und ich: Wer ist Er f\u00fcr mich?"}]},{"@type":"WebSite","@id":"https:\/\/www.kathtreff.org\/blog\/#website","url":"https:\/\/www.kathtreff.org\/blog\/","name":"kathTreff Blog","description":"Partnersuche f\u00fcr katholische Singles","potentialAction":[{"@type":"SearchAction","target":{"@type":"EntryPoint","urlTemplate":"https:\/\/www.kathtreff.org\/blog\/?s={search_term_string}"},"query-input":{"@type":"PropertyValueSpecification","valueRequired":true,"valueName":"search_term_string"}}],"inLanguage":"de"},{"@type":"Person","@id":"https:\/\/www.kathtreff.org\/blog\/#\/schema\/person\/a9a9e850ffe37a58e9703ea081de5f33","name":"Gudrun Kugler","image":{"@type":"ImageObject","inLanguage":"de","@id":"https:\/\/secure.gravatar.com\/avatar\/7c04d6fc65a215eb07cad8d69adaad970edf78f002e2ef97dd03a6bbe75e5b48?s=96&d=mm&r=g","url":"https:\/\/secure.gravatar.com\/avatar\/7c04d6fc65a215eb07cad8d69adaad970edf78f002e2ef97dd03a6bbe75e5b48?s=96&d=mm&r=g","contentUrl":"https:\/\/secure.gravatar.com\/avatar\/7c04d6fc65a215eb07cad8d69adaad970edf78f002e2ef97dd03a6bbe75e5b48?s=96&d=mm&r=g","caption":"Gudrun Kugler"},"sameAs":["http:\/\/kathtreff.org"],"url":"https:\/\/www.kathtreff.org\/blog\/author\/gudrun\/"}]}},"_links":{"self":[{"href":"https:\/\/www.kathtreff.org\/blog\/wp-json\/wp\/v2\/posts\/1864","targetHints":{"allow":["GET"]}}],"collection":[{"href":"https:\/\/www.kathtreff.org\/blog\/wp-json\/wp\/v2\/posts"}],"about":[{"href":"https:\/\/www.kathtreff.org\/blog\/wp-json\/wp\/v2\/types\/post"}],"author":[{"embeddable":true,"href":"https:\/\/www.kathtreff.org\/blog\/wp-json\/wp\/v2\/users\/2"}],"replies":[{"embeddable":true,"href":"https:\/\/www.kathtreff.org\/blog\/wp-json\/wp\/v2\/comments?post=1864"}],"version-history":[{"count":7,"href":"https:\/\/www.kathtreff.org\/blog\/wp-json\/wp\/v2\/posts\/1864\/revisions"}],"predecessor-version":[{"id":1900,"href":"https:\/\/www.kathtreff.org\/blog\/wp-json\/wp\/v2\/posts\/1864\/revisions\/1900"}],"wp:featuredmedia":[{"embeddable":true,"href":"https:\/\/www.kathtreff.org\/blog\/wp-json\/wp\/v2\/media\/1886"}],"wp:attachment":[{"href":"https:\/\/www.kathtreff.org\/blog\/wp-json\/wp\/v2\/media?parent=1864"}],"wp:term":[{"taxonomy":"category","embeddable":true,"href":"https:\/\/www.kathtreff.org\/blog\/wp-json\/wp\/v2\/categories?post=1864"},{"taxonomy":"post_tag","embeddable":true,"href":"https:\/\/www.kathtreff.org\/blog\/wp-json\/wp\/v2\/tags?post=1864"},{"taxonomy":"promotion","embeddable":true,"href":"https:\/\/www.kathtreff.org\/blog\/wp-json\/wp\/v2\/promotion?post=1864"}],"curies":[{"name":"wp","href":"https:\/\/api.w.org\/{rel}","templated":true}]}}