{"id":1080,"date":"2016-09-09T08:07:58","date_gmt":"2016-09-09T07:07:58","guid":{"rendered":"https:\/\/www.kathtreff.org\/blog\/?p=1080"},"modified":"2016-08-04T10:15:02","modified_gmt":"2016-08-04T09:15:02","slug":"wer-ist-dieder-richtige-fuer-mich","status":"publish","type":"post","link":"https:\/\/www.kathtreff.org\/blog\/wer-ist-dieder-richtige-fuer-mich\/","title":{"rendered":"Woher wei\u00df ich, wer die\/der Richtige f\u00fcr mich ist?"},"content":{"rendered":"<p><strong>von Pater Tilmann Beller<\/strong>, aus <a title=\"Buch f\u00fcr Singles: Unterwegs zum Du!\" href=\"https:\/\/www.kathtreff.org\/blog\/buch-fuer-singles-unterwegs-zum-du\/\">\u201cUnterwegs zum Du\u201d<\/a><\/p>\n<p>W\u00fcrde Gott meine Ehe segnen, wenn ich mir den Partner\/die Partnerin auf eigene Faust aussuche? Wenn ich mir einen Ehepartner alleine aussuche, dann leitet mich Gott dabei. Das hei\u00dft, ich suche nicht allein. Gott leitet mein Denken. Woran erkenne ich, dass es der richtige Partner, die richtige Partnerin ist? Die erste Frage, die wir uns stellen, hei\u00dft: Stehe ich staunend vor ihrer, vor seiner Gr\u00f6\u00dfe?<\/p>\n<p>Da sagt ein junger Mann: \u201eAus diesem M\u00e4dchen kann man etwas machen.\u201c Wir k\u00f6nnen unser ganzes Leben lang als Lehrer, Erzieher und F\u00fchrungskr\u00e4fte aus jemandem \u201eetwas machen\u201c. Aber jemanden, aus dem wir etwas machen k\u00f6nnen oder wollen, d\u00fcrfen wir nicht heiraten, weil wir nicht staunend vor seiner Gr\u00f6\u00dfe stehen, sondern ihn von vornherein als den Kleineren sehen. Eine gewisse Gleichheit im pers\u00f6nlichen Format, in der Qualit\u00e4t der Pers\u00f6nlichkeit ist Voraussetzung f\u00fcr eine Partnerschaft. Wir fragen also: Stehe ich staunend vor ihrer, vor seiner Gr\u00f6\u00dfe?<\/p>\n<p>Die zweite Frage, die wir uns stellen, lautet: Haben wir genug gemeinsame Interessen oder k\u00f6nnen sich unsere Interessen finden? Solche gemeinsamen Interessen m\u00fcssen vor der Ehe da sein. Zu sagen, ja, das kommt schon, das ist einfach falsch. Wir gehen davon aus: Was nicht ist, wird nicht.<\/p>\n<p>Wer mit Leib und Seele f\u00fcr den Sport lebt, wird sich einfach schwer tun mit einem Partner, der daf\u00fcr nichts \u00fcbrig hat. Und dieser braucht sich nicht zu wundern, wenn der sportbegeisterte Partner \u00fcber kurz oder lang eine ebenso sportbegeisterte Partnerin findet und in dieser Beziehung sein ganzes Gl\u00fcck entdeckt. Darum macht es Sinn, in einem Heiratsinserat seine Interessen kundzutun. Das war fr\u00fcher einfacher, weil innerhalb eines gesellschaftlichen Rahmens geheiratet wurde, wo Tischsitten, Kleidung und Lebensweise in einem Haus ebenso gehalten wurden wie in einem anderen.<\/p>\n<p>Die dritte Frage: Wie bewegt sich der andere, der Freund, die Freundin in seiner oder ihrer urspr\u00fcnglichen Umgebung? Wie bewegt sich ein junger Mann, eine junge Frau in der eigenen Familie? Ein junger Mann, der offensichtlich von Mama abh\u00e4ngig ist, wird es auch bleiben, wenn ich mit ihm verheiratet bin. Ein junger Mann, der seine Mutter schlecht behandelt, wird auch seine Frau schlecht behandeln. Und so weiter.<\/p>\n<p>Was f\u00fcr Freunde hat mein Partner, hat meine Partnerin? Ist das ein Milieu, in dem ich mich wohl f\u00fchle? Nicht selten f\u00fchlen sich Studenten in ihrem Studentenmilieu alle mehr oder minder gleich. Das \u00e4ndert sich, sobald sie erwachsen sind: Das in der Herkunftsfamilie Angenommene kommt dann wieder durch.<\/p>\n<p>Die vierte Frage: Wie reagiert der Partner auf meine Schw\u00e4chen? Hier ist nicht die Rede von Schw\u00e4chen, die ich zugebe, sondern von Schw\u00e4chen, durch die ich mich blamiere, Schw\u00e4chen, die ihn wirklich st\u00f6ren. Reagiert er g\u00fctig und gelassen, oder reagiert er empfindlich? Ist mein Partner meinen Schw\u00e4chen gegen\u00fcber gro\u00dfz\u00fcgig oder arrogant? Wenn letzteres der Fall ist, ist es nicht gut, ihn zu heiraten.<\/p>\n<p>Es ist sehr sch\u00f6n, wenn sich bei einem Paar ein gutes Verh\u00e4ltnis zu den gegenseitigen Schw\u00e4chen herausbildet. Der Grundton im Miteinander ist dann nicht, \u201edas musst du \u00e4ndern\u201c sondern \u201eich nehme dich an wie du bist.\u201c<\/p>\n<p>Ein letztes sei zur religi\u00f6sen Grundeinstellung gesagt: Was an konkreter Liebe zu Gott nicht vor der Ehe vorhanden ist, kommt nach der Eheschlie\u00dfung im Allgemeinen nicht. Das gilt auch dort, wo beide Partner ein unterschiedliches christliches Bekenntnis haben. Die entscheidende Frage ist: Wie sehr lieben wir unseren Gott? Spielt Gott in unserem t\u00e4glichen Leben eine wichtige Rolle? Die Berichte von einer sp\u00e4teren, radikalen Umkehr, gibt es ohne Zweifel, sie geh\u00f6ren aber in einen winzigkleinen Bereich, auf den wir nicht bauen k\u00f6nnen.<\/p>\n<p>Man kann vor der Ehe den Partner in jedes religi\u00f6se oder geistliche Milieu mitnehmen, also ihn f\u00fcr die eigene Glaubens\u00fcberzeugung gewinnen. Was vor der Ehe geschieht, geschieht. Was nicht geschieht, geschieht auch sp\u00e4ter nicht, mit wenigen Ausnahmen &#8211; und wer auf diese pokert, riskiert ein Leben der geistlichen Einsamkeit.<\/p>\n<p>Der, f\u00fcr den die Beziehung mit Gott, die t\u00e4gliche Geist-Erfahrung und das religi\u00f6se Streben ein wesentlicher Inhalt des Lebens sind, der ist dann auch in der Ehe einsam und wird \u2014das Leben best\u00e4tigt diese Gefahr vielf\u00e4ltig \u2014st\u00e4ndig in Versuchung sein, im religi\u00f6sen Milieu seine Heimat zu suchen und dort auch seinen eigentlichen Partner zu finden.<\/p>\n<p>Zum Buch:\u00a0<a title=\"Wegweiser f\u00fcr Singles: Unterwegs zum Du\" href=\"https:\/\/www.kathtreff.org\/blog\/wegweiser-fur-singles\/\">https:\/\/www.kathtreff.org\/blog\/wegweiser-fur-singles\/<\/a><\/p>\n","protected":false},"excerpt":{"rendered":"<p>von Pater Tilmann Beller, aus \u201cUnterwegs zum Du\u201d W\u00fcrde Gott meine Ehe segnen, wenn ich mir den Partner\/die Partnerin auf eigene Faust aussuche? Wenn ich mir einen Ehepartner alleine aussuche, dann leitet mich Gott dabei. Das hei\u00dft, ich suche nicht allein. Gott leitet mein Denken. Woran erkenne ich, dass es der richtige Partner, die richtige [&hellip;]<\/p>\n","protected":false},"author":2,"featured_media":1081,"comment_status":"open","ping_status":"open","sticky":false,"template":"","format":"standard","meta":{"_genesis_hide_title":false,"_genesis_hide_breadcrumbs":false,"_genesis_hide_singular_image":false,"_genesis_hide_footer_widgets":false,"_genesis_custom_body_class":"","_genesis_custom_post_class":"","_genesis_layout":"","footnotes":""},"categories":[4],"tags":[],"promotion":[],"class_list":{"0":"post-1080","1":"post","2":"type-post","3":"status-publish","4":"format-standard","5":"has-post-thumbnail","7":"category-single-leben","8":"entry"},"yoast_head":"<!-- This site is optimized with the Yoast SEO plugin v27.5 - https:\/\/yoast.com\/product\/yoast-seo-wordpress\/ -->\n<title>Woher wei\u00df ich, wer die\/der Richtige f\u00fcr mich ist? - kathTreff Blog<\/title>\n<meta name=\"robots\" content=\"index, follow, max-snippet:-1, max-image-preview:large, max-video-preview:-1\" \/>\n<link rel=\"canonical\" href=\"https:\/\/www.kathtreff.org\/blog\/wer-ist-dieder-richtige-fuer-mich\/\" \/>\n<meta name=\"twitter:label1\" content=\"Verfasst von\" \/>\n\t<meta name=\"twitter:data1\" content=\"Gudrun Kugler\" \/>\n\t<meta name=\"twitter:label2\" content=\"Gesch\u00e4tzte Lesezeit\" \/>\n\t<meta name=\"twitter:data2\" content=\"4\u00a0Minuten\" \/>\n<script type=\"application\/ld+json\" class=\"yoast-schema-graph\">{\"@context\":\"https:\\\/\\\/schema.org\",\"@graph\":[{\"@type\":\"Article\",\"@id\":\"https:\\\/\\\/www.kathtreff.org\\\/blog\\\/wer-ist-dieder-richtige-fuer-mich\\\/#article\",\"isPartOf\":{\"@id\":\"https:\\\/\\\/www.kathtreff.org\\\/blog\\\/wer-ist-dieder-richtige-fuer-mich\\\/\"},\"author\":{\"name\":\"Gudrun Kugler\",\"@id\":\"https:\\\/\\\/www.kathtreff.org\\\/blog\\\/#\\\/schema\\\/person\\\/a9a9e850ffe37a58e9703ea081de5f33\"},\"headline\":\"Woher wei\u00df ich, wer die\\\/der Richtige f\u00fcr mich ist?\",\"datePublished\":\"2016-09-09T07:07:58+00:00\",\"mainEntityOfPage\":{\"@id\":\"https:\\\/\\\/www.kathtreff.org\\\/blog\\\/wer-ist-dieder-richtige-fuer-mich\\\/\"},\"wordCount\":766,\"commentCount\":0,\"image\":{\"@id\":\"https:\\\/\\\/www.kathtreff.org\\\/blog\\\/wer-ist-dieder-richtige-fuer-mich\\\/#primaryimage\"},\"thumbnailUrl\":\"https:\\\/\\\/www.kathtreff.org\\\/blog\\\/wp-content\\\/uploads\\\/2016\\\/02\\\/gta-177354_1920.jpg\",\"articleSection\":[\"Single leben\"],\"inLanguage\":\"de\",\"potentialAction\":[{\"@type\":\"CommentAction\",\"name\":\"Comment\",\"target\":[\"https:\\\/\\\/www.kathtreff.org\\\/blog\\\/wer-ist-dieder-richtige-fuer-mich\\\/#respond\"]}]},{\"@type\":\"WebPage\",\"@id\":\"https:\\\/\\\/www.kathtreff.org\\\/blog\\\/wer-ist-dieder-richtige-fuer-mich\\\/\",\"url\":\"https:\\\/\\\/www.kathtreff.org\\\/blog\\\/wer-ist-dieder-richtige-fuer-mich\\\/\",\"name\":\"Woher wei\u00df ich, wer die\\\/der Richtige f\u00fcr mich ist? - kathTreff Blog\",\"isPartOf\":{\"@id\":\"https:\\\/\\\/www.kathtreff.org\\\/blog\\\/#website\"},\"primaryImageOfPage\":{\"@id\":\"https:\\\/\\\/www.kathtreff.org\\\/blog\\\/wer-ist-dieder-richtige-fuer-mich\\\/#primaryimage\"},\"image\":{\"@id\":\"https:\\\/\\\/www.kathtreff.org\\\/blog\\\/wer-ist-dieder-richtige-fuer-mich\\\/#primaryimage\"},\"thumbnailUrl\":\"https:\\\/\\\/www.kathtreff.org\\\/blog\\\/wp-content\\\/uploads\\\/2016\\\/02\\\/gta-177354_1920.jpg\",\"datePublished\":\"2016-09-09T07:07:58+00:00\",\"author\":{\"@id\":\"https:\\\/\\\/www.kathtreff.org\\\/blog\\\/#\\\/schema\\\/person\\\/a9a9e850ffe37a58e9703ea081de5f33\"},\"breadcrumb\":{\"@id\":\"https:\\\/\\\/www.kathtreff.org\\\/blog\\\/wer-ist-dieder-richtige-fuer-mich\\\/#breadcrumb\"},\"inLanguage\":\"de\",\"potentialAction\":[{\"@type\":\"ReadAction\",\"target\":[\"https:\\\/\\\/www.kathtreff.org\\\/blog\\\/wer-ist-dieder-richtige-fuer-mich\\\/\"]}]},{\"@type\":\"ImageObject\",\"inLanguage\":\"de\",\"@id\":\"https:\\\/\\\/www.kathtreff.org\\\/blog\\\/wer-ist-dieder-richtige-fuer-mich\\\/#primaryimage\",\"url\":\"https:\\\/\\\/www.kathtreff.org\\\/blog\\\/wp-content\\\/uploads\\\/2016\\\/02\\\/gta-177354_1920.jpg\",\"contentUrl\":\"https:\\\/\\\/www.kathtreff.org\\\/blog\\\/wp-content\\\/uploads\\\/2016\\\/02\\\/gta-177354_1920.jpg\",\"width\":1920,\"height\":1440},{\"@type\":\"BreadcrumbList\",\"@id\":\"https:\\\/\\\/www.kathtreff.org\\\/blog\\\/wer-ist-dieder-richtige-fuer-mich\\\/#breadcrumb\",\"itemListElement\":[{\"@type\":\"ListItem\",\"position\":1,\"name\":\"Home\",\"item\":\"https:\\\/\\\/www.kathtreff.org\\\/blog\\\/\"},{\"@type\":\"ListItem\",\"position\":2,\"name\":\"Woher wei\u00df ich, wer die\\\/der Richtige f\u00fcr mich ist?\"}]},{\"@type\":\"WebSite\",\"@id\":\"https:\\\/\\\/www.kathtreff.org\\\/blog\\\/#website\",\"url\":\"https:\\\/\\\/www.kathtreff.org\\\/blog\\\/\",\"name\":\"kathTreff Blog\",\"description\":\"Partnersuche f\u00fcr katholische Singles\",\"potentialAction\":[{\"@type\":\"SearchAction\",\"target\":{\"@type\":\"EntryPoint\",\"urlTemplate\":\"https:\\\/\\\/www.kathtreff.org\\\/blog\\\/?s={search_term_string}\"},\"query-input\":{\"@type\":\"PropertyValueSpecification\",\"valueRequired\":true,\"valueName\":\"search_term_string\"}}],\"inLanguage\":\"de\"},{\"@type\":\"Person\",\"@id\":\"https:\\\/\\\/www.kathtreff.org\\\/blog\\\/#\\\/schema\\\/person\\\/a9a9e850ffe37a58e9703ea081de5f33\",\"name\":\"Gudrun Kugler\",\"image\":{\"@type\":\"ImageObject\",\"inLanguage\":\"de\",\"@id\":\"https:\\\/\\\/secure.gravatar.com\\\/avatar\\\/7c04d6fc65a215eb07cad8d69adaad970edf78f002e2ef97dd03a6bbe75e5b48?s=96&d=mm&r=g\",\"url\":\"https:\\\/\\\/secure.gravatar.com\\\/avatar\\\/7c04d6fc65a215eb07cad8d69adaad970edf78f002e2ef97dd03a6bbe75e5b48?s=96&d=mm&r=g\",\"contentUrl\":\"https:\\\/\\\/secure.gravatar.com\\\/avatar\\\/7c04d6fc65a215eb07cad8d69adaad970edf78f002e2ef97dd03a6bbe75e5b48?s=96&d=mm&r=g\",\"caption\":\"Gudrun Kugler\"},\"sameAs\":[\"http:\\\/\\\/kathtreff.org\"],\"url\":\"https:\\\/\\\/www.kathtreff.org\\\/blog\\\/author\\\/gudrun\\\/\"}]}<\/script>\n<!-- \/ Yoast SEO plugin. -->","yoast_head_json":{"title":"Woher wei\u00df ich, wer die\/der Richtige f\u00fcr mich ist? - kathTreff Blog","robots":{"index":"index","follow":"follow","max-snippet":"max-snippet:-1","max-image-preview":"max-image-preview:large","max-video-preview":"max-video-preview:-1"},"canonical":"https:\/\/www.kathtreff.org\/blog\/wer-ist-dieder-richtige-fuer-mich\/","twitter_misc":{"Verfasst von":"Gudrun Kugler","Gesch\u00e4tzte Lesezeit":"4\u00a0Minuten"},"schema":{"@context":"https:\/\/schema.org","@graph":[{"@type":"Article","@id":"https:\/\/www.kathtreff.org\/blog\/wer-ist-dieder-richtige-fuer-mich\/#article","isPartOf":{"@id":"https:\/\/www.kathtreff.org\/blog\/wer-ist-dieder-richtige-fuer-mich\/"},"author":{"name":"Gudrun Kugler","@id":"https:\/\/www.kathtreff.org\/blog\/#\/schema\/person\/a9a9e850ffe37a58e9703ea081de5f33"},"headline":"Woher wei\u00df ich, wer die\/der Richtige f\u00fcr mich ist?","datePublished":"2016-09-09T07:07:58+00:00","mainEntityOfPage":{"@id":"https:\/\/www.kathtreff.org\/blog\/wer-ist-dieder-richtige-fuer-mich\/"},"wordCount":766,"commentCount":0,"image":{"@id":"https:\/\/www.kathtreff.org\/blog\/wer-ist-dieder-richtige-fuer-mich\/#primaryimage"},"thumbnailUrl":"https:\/\/www.kathtreff.org\/blog\/wp-content\/uploads\/2016\/02\/gta-177354_1920.jpg","articleSection":["Single leben"],"inLanguage":"de","potentialAction":[{"@type":"CommentAction","name":"Comment","target":["https:\/\/www.kathtreff.org\/blog\/wer-ist-dieder-richtige-fuer-mich\/#respond"]}]},{"@type":"WebPage","@id":"https:\/\/www.kathtreff.org\/blog\/wer-ist-dieder-richtige-fuer-mich\/","url":"https:\/\/www.kathtreff.org\/blog\/wer-ist-dieder-richtige-fuer-mich\/","name":"Woher wei\u00df ich, wer die\/der Richtige f\u00fcr mich ist? - kathTreff Blog","isPartOf":{"@id":"https:\/\/www.kathtreff.org\/blog\/#website"},"primaryImageOfPage":{"@id":"https:\/\/www.kathtreff.org\/blog\/wer-ist-dieder-richtige-fuer-mich\/#primaryimage"},"image":{"@id":"https:\/\/www.kathtreff.org\/blog\/wer-ist-dieder-richtige-fuer-mich\/#primaryimage"},"thumbnailUrl":"https:\/\/www.kathtreff.org\/blog\/wp-content\/uploads\/2016\/02\/gta-177354_1920.jpg","datePublished":"2016-09-09T07:07:58+00:00","author":{"@id":"https:\/\/www.kathtreff.org\/blog\/#\/schema\/person\/a9a9e850ffe37a58e9703ea081de5f33"},"breadcrumb":{"@id":"https:\/\/www.kathtreff.org\/blog\/wer-ist-dieder-richtige-fuer-mich\/#breadcrumb"},"inLanguage":"de","potentialAction":[{"@type":"ReadAction","target":["https:\/\/www.kathtreff.org\/blog\/wer-ist-dieder-richtige-fuer-mich\/"]}]},{"@type":"ImageObject","inLanguage":"de","@id":"https:\/\/www.kathtreff.org\/blog\/wer-ist-dieder-richtige-fuer-mich\/#primaryimage","url":"https:\/\/www.kathtreff.org\/blog\/wp-content\/uploads\/2016\/02\/gta-177354_1920.jpg","contentUrl":"https:\/\/www.kathtreff.org\/blog\/wp-content\/uploads\/2016\/02\/gta-177354_1920.jpg","width":1920,"height":1440},{"@type":"BreadcrumbList","@id":"https:\/\/www.kathtreff.org\/blog\/wer-ist-dieder-richtige-fuer-mich\/#breadcrumb","itemListElement":[{"@type":"ListItem","position":1,"name":"Home","item":"https:\/\/www.kathtreff.org\/blog\/"},{"@type":"ListItem","position":2,"name":"Woher wei\u00df ich, wer die\/der Richtige f\u00fcr mich ist?"}]},{"@type":"WebSite","@id":"https:\/\/www.kathtreff.org\/blog\/#website","url":"https:\/\/www.kathtreff.org\/blog\/","name":"kathTreff Blog","description":"Partnersuche f\u00fcr katholische Singles","potentialAction":[{"@type":"SearchAction","target":{"@type":"EntryPoint","urlTemplate":"https:\/\/www.kathtreff.org\/blog\/?s={search_term_string}"},"query-input":{"@type":"PropertyValueSpecification","valueRequired":true,"valueName":"search_term_string"}}],"inLanguage":"de"},{"@type":"Person","@id":"https:\/\/www.kathtreff.org\/blog\/#\/schema\/person\/a9a9e850ffe37a58e9703ea081de5f33","name":"Gudrun Kugler","image":{"@type":"ImageObject","inLanguage":"de","@id":"https:\/\/secure.gravatar.com\/avatar\/7c04d6fc65a215eb07cad8d69adaad970edf78f002e2ef97dd03a6bbe75e5b48?s=96&d=mm&r=g","url":"https:\/\/secure.gravatar.com\/avatar\/7c04d6fc65a215eb07cad8d69adaad970edf78f002e2ef97dd03a6bbe75e5b48?s=96&d=mm&r=g","contentUrl":"https:\/\/secure.gravatar.com\/avatar\/7c04d6fc65a215eb07cad8d69adaad970edf78f002e2ef97dd03a6bbe75e5b48?s=96&d=mm&r=g","caption":"Gudrun Kugler"},"sameAs":["http:\/\/kathtreff.org"],"url":"https:\/\/www.kathtreff.org\/blog\/author\/gudrun\/"}]}},"_links":{"self":[{"href":"https:\/\/www.kathtreff.org\/blog\/wp-json\/wp\/v2\/posts\/1080","targetHints":{"allow":["GET"]}}],"collection":[{"href":"https:\/\/www.kathtreff.org\/blog\/wp-json\/wp\/v2\/posts"}],"about":[{"href":"https:\/\/www.kathtreff.org\/blog\/wp-json\/wp\/v2\/types\/post"}],"author":[{"embeddable":true,"href":"https:\/\/www.kathtreff.org\/blog\/wp-json\/wp\/v2\/users\/2"}],"replies":[{"embeddable":true,"href":"https:\/\/www.kathtreff.org\/blog\/wp-json\/wp\/v2\/comments?post=1080"}],"version-history":[{"count":2,"href":"https:\/\/www.kathtreff.org\/blog\/wp-json\/wp\/v2\/posts\/1080\/revisions"}],"predecessor-version":[{"id":1130,"href":"https:\/\/www.kathtreff.org\/blog\/wp-json\/wp\/v2\/posts\/1080\/revisions\/1130"}],"wp:featuredmedia":[{"embeddable":true,"href":"https:\/\/www.kathtreff.org\/blog\/wp-json\/wp\/v2\/media\/1081"}],"wp:attachment":[{"href":"https:\/\/www.kathtreff.org\/blog\/wp-json\/wp\/v2\/media?parent=1080"}],"wp:term":[{"taxonomy":"category","embeddable":true,"href":"https:\/\/www.kathtreff.org\/blog\/wp-json\/wp\/v2\/categories?post=1080"},{"taxonomy":"post_tag","embeddable":true,"href":"https:\/\/www.kathtreff.org\/blog\/wp-json\/wp\/v2\/tags?post=1080"},{"taxonomy":"promotion","embeddable":true,"href":"https:\/\/www.kathtreff.org\/blog\/wp-json\/wp\/v2\/promotion?post=1080"}],"curies":[{"name":"wp","href":"https:\/\/api.w.org\/{rel}","templated":true}]}}