{"id":1064,"date":"2025-12-23T07:00:09","date_gmt":"2025-12-23T06:00:09","guid":{"rendered":"https:\/\/www.kathtreff.org\/blog\/?p=1064"},"modified":"2025-12-23T09:41:51","modified_gmt":"2025-12-23T08:41:51","slug":"morgengebet-der-seligen-miriam-von-abellin","status":"publish","type":"post","link":"https:\/\/www.kathtreff.org\/blog\/morgengebet-der-seligen-miriam-von-abellin\/","title":{"rendered":"Morgengebet der seligen Miriam von Abellin"},"content":{"rendered":"<p>Herr Jesus Christus, im Schweigen dieses anbrechenden Morgens komme ich zu Dir und bitte Dich mit Demut und Vertrauen um Deinen Frieden, Deine Weisheit, Deine Kraft.<\/p>\n<p>Gib, dass ich heute die Welt betrachte, mit Augen, die voller Liebe sind.<\/p>\n<p>Lass mich begreifen, dass alle Herrlichkeit der Kirche aus Deinem Kreuz als dessen Quelle entspringt.<\/p>\n<p>Lass mich meinen N\u00e4chsten als den Menschen empfangen, den Du durch mich lieben willst.<\/p>\n<p>Schenke mir die Bereitschaft, ihm mit Hingabe zu dienen und alles Gute, das Du in ihn hineingelegt hast, entfalten.<\/p>\n<p>Meine Worte sollen Sanftmut ausstrahlen und mein ganzes Verhalten soll Frieden stiften.<\/p>\n<p>Nur jene Gedanken, die Segen verbreiten, sollen in meinem Geiste haften bleiben.<\/p>\n<p>Verschlie\u00df meine Ohren vor jedem \u00fcbelwollenden Wort und jeder b\u00f6swilligen Kritik.<\/p>\n<p>M\u00f6ge meine Zunge nur dazu dienen, das Gute hervorzuheben.<\/p>\n<p>Vor allem bewirke, o Herr, dass ich so voller Frohmut und Wohlwollen bin, dass alle, die mir begegnen, sowohl Deine Gegenwart als auch Deine Liebe sp\u00fcren.<\/p>\n<p>Bekleide mich mit dem Glanz Deiner G\u00fcte und Deiner Sch\u00f6nheit, damit ich Dich im Verlaufe dieses Tages offenbare.<\/p>\n<p>Amen.<\/p>\n","protected":false},"excerpt":{"rendered":"<p>Herr Jesus Christus, im Schweigen dieses anbrechenden Morgens komme ich zu Dir und bitte Dich mit Demut und Vertrauen um Deinen Frieden, Deine Weisheit, Deine Kraft. Gib, dass ich heute die Welt betrachte, mit Augen, die voller Liebe sind. Lass mich begreifen, dass alle Herrlichkeit der Kirche aus Deinem Kreuz als dessen Quelle entspringt. Lass [&hellip;]<\/p>\n","protected":false},"author":2,"featured_media":3015,"comment_status":"open","ping_status":"open","sticky":false,"template":"","format":"standard","meta":{"_genesis_hide_title":false,"_genesis_hide_breadcrumbs":false,"_genesis_hide_singular_image":false,"_genesis_hide_footer_widgets":false,"_genesis_custom_body_class":"","_genesis_custom_post_class":"","_genesis_layout":"","footnotes":""},"categories":[4],"tags":[],"promotion":[],"class_list":{"0":"post-1064","1":"post","2":"type-post","3":"status-publish","4":"format-standard","5":"has-post-thumbnail","7":"category-single-leben","8":"entry"},"yoast_head":"<!-- This site is optimized with the Yoast SEO plugin v27.4 - https:\/\/yoast.com\/product\/yoast-seo-wordpress\/ -->\n<title>Morgengebet der seligen Miriam von Abellin - kathTreff Blog<\/title>\n<meta name=\"robots\" content=\"index, follow, max-snippet:-1, max-image-preview:large, max-video-preview:-1\" \/>\n<link rel=\"canonical\" href=\"https:\/\/www.kathtreff.org\/blog\/morgengebet-der-seligen-miriam-von-abellin\/\" \/>\n<meta name=\"twitter:label1\" content=\"Verfasst von\" \/>\n\t<meta name=\"twitter:data1\" content=\"Gudrun Kugler\" \/>\n\t<meta name=\"twitter:label2\" content=\"Gesch\u00e4tzte Lesezeit\" \/>\n\t<meta name=\"twitter:data2\" content=\"1\u00a0Minute\" \/>\n<script type=\"application\/ld+json\" class=\"yoast-schema-graph\">{\"@context\":\"https:\\\/\\\/schema.org\",\"@graph\":[{\"@type\":\"Article\",\"@id\":\"https:\\\/\\\/www.kathtreff.org\\\/blog\\\/morgengebet-der-seligen-miriam-von-abellin\\\/#article\",\"isPartOf\":{\"@id\":\"https:\\\/\\\/www.kathtreff.org\\\/blog\\\/morgengebet-der-seligen-miriam-von-abellin\\\/\"},\"author\":{\"name\":\"Gudrun Kugler\",\"@id\":\"https:\\\/\\\/www.kathtreff.org\\\/blog\\\/#\\\/schema\\\/person\\\/a9a9e850ffe37a58e9703ea081de5f33\"},\"headline\":\"Morgengebet der seligen Miriam von Abellin\",\"datePublished\":\"2025-12-23T06:00:09+00:00\",\"dateModified\":\"2025-12-23T08:41:51+00:00\",\"mainEntityOfPage\":{\"@id\":\"https:\\\/\\\/www.kathtreff.org\\\/blog\\\/morgengebet-der-seligen-miriam-von-abellin\\\/\"},\"wordCount\":188,\"commentCount\":1,\"image\":{\"@id\":\"https:\\\/\\\/www.kathtreff.org\\\/blog\\\/morgengebet-der-seligen-miriam-von-abellin\\\/#primaryimage\"},\"thumbnailUrl\":\"https:\\\/\\\/www.kathtreff.org\\\/blog\\\/wp-content\\\/uploads\\\/2025\\\/12\\\/Hallstatt-Wintermorgen-600-x-400.png\",\"articleSection\":[\"Single leben\"],\"inLanguage\":\"de\",\"potentialAction\":[{\"@type\":\"CommentAction\",\"name\":\"Comment\",\"target\":[\"https:\\\/\\\/www.kathtreff.org\\\/blog\\\/morgengebet-der-seligen-miriam-von-abellin\\\/#respond\"]}]},{\"@type\":\"WebPage\",\"@id\":\"https:\\\/\\\/www.kathtreff.org\\\/blog\\\/morgengebet-der-seligen-miriam-von-abellin\\\/\",\"url\":\"https:\\\/\\\/www.kathtreff.org\\\/blog\\\/morgengebet-der-seligen-miriam-von-abellin\\\/\",\"name\":\"Morgengebet der seligen Miriam von Abellin - kathTreff Blog\",\"isPartOf\":{\"@id\":\"https:\\\/\\\/www.kathtreff.org\\\/blog\\\/#website\"},\"primaryImageOfPage\":{\"@id\":\"https:\\\/\\\/www.kathtreff.org\\\/blog\\\/morgengebet-der-seligen-miriam-von-abellin\\\/#primaryimage\"},\"image\":{\"@id\":\"https:\\\/\\\/www.kathtreff.org\\\/blog\\\/morgengebet-der-seligen-miriam-von-abellin\\\/#primaryimage\"},\"thumbnailUrl\":\"https:\\\/\\\/www.kathtreff.org\\\/blog\\\/wp-content\\\/uploads\\\/2025\\\/12\\\/Hallstatt-Wintermorgen-600-x-400.png\",\"datePublished\":\"2025-12-23T06:00:09+00:00\",\"dateModified\":\"2025-12-23T08:41:51+00:00\",\"author\":{\"@id\":\"https:\\\/\\\/www.kathtreff.org\\\/blog\\\/#\\\/schema\\\/person\\\/a9a9e850ffe37a58e9703ea081de5f33\"},\"breadcrumb\":{\"@id\":\"https:\\\/\\\/www.kathtreff.org\\\/blog\\\/morgengebet-der-seligen-miriam-von-abellin\\\/#breadcrumb\"},\"inLanguage\":\"de\",\"potentialAction\":[{\"@type\":\"ReadAction\",\"target\":[\"https:\\\/\\\/www.kathtreff.org\\\/blog\\\/morgengebet-der-seligen-miriam-von-abellin\\\/\"]}]},{\"@type\":\"ImageObject\",\"inLanguage\":\"de\",\"@id\":\"https:\\\/\\\/www.kathtreff.org\\\/blog\\\/morgengebet-der-seligen-miriam-von-abellin\\\/#primaryimage\",\"url\":\"https:\\\/\\\/www.kathtreff.org\\\/blog\\\/wp-content\\\/uploads\\\/2025\\\/12\\\/Hallstatt-Wintermorgen-600-x-400.png\",\"contentUrl\":\"https:\\\/\\\/www.kathtreff.org\\\/blog\\\/wp-content\\\/uploads\\\/2025\\\/12\\\/Hallstatt-Wintermorgen-600-x-400.png\",\"width\":600,\"height\":400},{\"@type\":\"BreadcrumbList\",\"@id\":\"https:\\\/\\\/www.kathtreff.org\\\/blog\\\/morgengebet-der-seligen-miriam-von-abellin\\\/#breadcrumb\",\"itemListElement\":[{\"@type\":\"ListItem\",\"position\":1,\"name\":\"Home\",\"item\":\"https:\\\/\\\/www.kathtreff.org\\\/blog\\\/\"},{\"@type\":\"ListItem\",\"position\":2,\"name\":\"Morgengebet der seligen Miriam von Abellin\"}]},{\"@type\":\"WebSite\",\"@id\":\"https:\\\/\\\/www.kathtreff.org\\\/blog\\\/#website\",\"url\":\"https:\\\/\\\/www.kathtreff.org\\\/blog\\\/\",\"name\":\"kathTreff Blog\",\"description\":\"Partnersuche f\u00fcr katholische Singles\",\"potentialAction\":[{\"@type\":\"SearchAction\",\"target\":{\"@type\":\"EntryPoint\",\"urlTemplate\":\"https:\\\/\\\/www.kathtreff.org\\\/blog\\\/?s={search_term_string}\"},\"query-input\":{\"@type\":\"PropertyValueSpecification\",\"valueRequired\":true,\"valueName\":\"search_term_string\"}}],\"inLanguage\":\"de\"},{\"@type\":\"Person\",\"@id\":\"https:\\\/\\\/www.kathtreff.org\\\/blog\\\/#\\\/schema\\\/person\\\/a9a9e850ffe37a58e9703ea081de5f33\",\"name\":\"Gudrun Kugler\",\"image\":{\"@type\":\"ImageObject\",\"inLanguage\":\"de\",\"@id\":\"https:\\\/\\\/secure.gravatar.com\\\/avatar\\\/7c04d6fc65a215eb07cad8d69adaad970edf78f002e2ef97dd03a6bbe75e5b48?s=96&d=mm&r=g\",\"url\":\"https:\\\/\\\/secure.gravatar.com\\\/avatar\\\/7c04d6fc65a215eb07cad8d69adaad970edf78f002e2ef97dd03a6bbe75e5b48?s=96&d=mm&r=g\",\"contentUrl\":\"https:\\\/\\\/secure.gravatar.com\\\/avatar\\\/7c04d6fc65a215eb07cad8d69adaad970edf78f002e2ef97dd03a6bbe75e5b48?s=96&d=mm&r=g\",\"caption\":\"Gudrun Kugler\"},\"sameAs\":[\"http:\\\/\\\/kathtreff.org\"],\"url\":\"https:\\\/\\\/www.kathtreff.org\\\/blog\\\/author\\\/gudrun\\\/\"}]}<\/script>\n<!-- \/ Yoast SEO plugin. -->","yoast_head_json":{"title":"Morgengebet der seligen Miriam von Abellin - kathTreff Blog","robots":{"index":"index","follow":"follow","max-snippet":"max-snippet:-1","max-image-preview":"max-image-preview:large","max-video-preview":"max-video-preview:-1"},"canonical":"https:\/\/www.kathtreff.org\/blog\/morgengebet-der-seligen-miriam-von-abellin\/","twitter_misc":{"Verfasst von":"Gudrun Kugler","Gesch\u00e4tzte Lesezeit":"1\u00a0Minute"},"schema":{"@context":"https:\/\/schema.org","@graph":[{"@type":"Article","@id":"https:\/\/www.kathtreff.org\/blog\/morgengebet-der-seligen-miriam-von-abellin\/#article","isPartOf":{"@id":"https:\/\/www.kathtreff.org\/blog\/morgengebet-der-seligen-miriam-von-abellin\/"},"author":{"name":"Gudrun Kugler","@id":"https:\/\/www.kathtreff.org\/blog\/#\/schema\/person\/a9a9e850ffe37a58e9703ea081de5f33"},"headline":"Morgengebet der seligen Miriam von Abellin","datePublished":"2025-12-23T06:00:09+00:00","dateModified":"2025-12-23T08:41:51+00:00","mainEntityOfPage":{"@id":"https:\/\/www.kathtreff.org\/blog\/morgengebet-der-seligen-miriam-von-abellin\/"},"wordCount":188,"commentCount":1,"image":{"@id":"https:\/\/www.kathtreff.org\/blog\/morgengebet-der-seligen-miriam-von-abellin\/#primaryimage"},"thumbnailUrl":"https:\/\/www.kathtreff.org\/blog\/wp-content\/uploads\/2025\/12\/Hallstatt-Wintermorgen-600-x-400.png","articleSection":["Single leben"],"inLanguage":"de","potentialAction":[{"@type":"CommentAction","name":"Comment","target":["https:\/\/www.kathtreff.org\/blog\/morgengebet-der-seligen-miriam-von-abellin\/#respond"]}]},{"@type":"WebPage","@id":"https:\/\/www.kathtreff.org\/blog\/morgengebet-der-seligen-miriam-von-abellin\/","url":"https:\/\/www.kathtreff.org\/blog\/morgengebet-der-seligen-miriam-von-abellin\/","name":"Morgengebet der seligen Miriam von Abellin - kathTreff Blog","isPartOf":{"@id":"https:\/\/www.kathtreff.org\/blog\/#website"},"primaryImageOfPage":{"@id":"https:\/\/www.kathtreff.org\/blog\/morgengebet-der-seligen-miriam-von-abellin\/#primaryimage"},"image":{"@id":"https:\/\/www.kathtreff.org\/blog\/morgengebet-der-seligen-miriam-von-abellin\/#primaryimage"},"thumbnailUrl":"https:\/\/www.kathtreff.org\/blog\/wp-content\/uploads\/2025\/12\/Hallstatt-Wintermorgen-600-x-400.png","datePublished":"2025-12-23T06:00:09+00:00","dateModified":"2025-12-23T08:41:51+00:00","author":{"@id":"https:\/\/www.kathtreff.org\/blog\/#\/schema\/person\/a9a9e850ffe37a58e9703ea081de5f33"},"breadcrumb":{"@id":"https:\/\/www.kathtreff.org\/blog\/morgengebet-der-seligen-miriam-von-abellin\/#breadcrumb"},"inLanguage":"de","potentialAction":[{"@type":"ReadAction","target":["https:\/\/www.kathtreff.org\/blog\/morgengebet-der-seligen-miriam-von-abellin\/"]}]},{"@type":"ImageObject","inLanguage":"de","@id":"https:\/\/www.kathtreff.org\/blog\/morgengebet-der-seligen-miriam-von-abellin\/#primaryimage","url":"https:\/\/www.kathtreff.org\/blog\/wp-content\/uploads\/2025\/12\/Hallstatt-Wintermorgen-600-x-400.png","contentUrl":"https:\/\/www.kathtreff.org\/blog\/wp-content\/uploads\/2025\/12\/Hallstatt-Wintermorgen-600-x-400.png","width":600,"height":400},{"@type":"BreadcrumbList","@id":"https:\/\/www.kathtreff.org\/blog\/morgengebet-der-seligen-miriam-von-abellin\/#breadcrumb","itemListElement":[{"@type":"ListItem","position":1,"name":"Home","item":"https:\/\/www.kathtreff.org\/blog\/"},{"@type":"ListItem","position":2,"name":"Morgengebet der seligen Miriam von Abellin"}]},{"@type":"WebSite","@id":"https:\/\/www.kathtreff.org\/blog\/#website","url":"https:\/\/www.kathtreff.org\/blog\/","name":"kathTreff Blog","description":"Partnersuche f\u00fcr katholische Singles","potentialAction":[{"@type":"SearchAction","target":{"@type":"EntryPoint","urlTemplate":"https:\/\/www.kathtreff.org\/blog\/?s={search_term_string}"},"query-input":{"@type":"PropertyValueSpecification","valueRequired":true,"valueName":"search_term_string"}}],"inLanguage":"de"},{"@type":"Person","@id":"https:\/\/www.kathtreff.org\/blog\/#\/schema\/person\/a9a9e850ffe37a58e9703ea081de5f33","name":"Gudrun Kugler","image":{"@type":"ImageObject","inLanguage":"de","@id":"https:\/\/secure.gravatar.com\/avatar\/7c04d6fc65a215eb07cad8d69adaad970edf78f002e2ef97dd03a6bbe75e5b48?s=96&d=mm&r=g","url":"https:\/\/secure.gravatar.com\/avatar\/7c04d6fc65a215eb07cad8d69adaad970edf78f002e2ef97dd03a6bbe75e5b48?s=96&d=mm&r=g","contentUrl":"https:\/\/secure.gravatar.com\/avatar\/7c04d6fc65a215eb07cad8d69adaad970edf78f002e2ef97dd03a6bbe75e5b48?s=96&d=mm&r=g","caption":"Gudrun Kugler"},"sameAs":["http:\/\/kathtreff.org"],"url":"https:\/\/www.kathtreff.org\/blog\/author\/gudrun\/"}]}},"_links":{"self":[{"href":"https:\/\/www.kathtreff.org\/blog\/wp-json\/wp\/v2\/posts\/1064","targetHints":{"allow":["GET"]}}],"collection":[{"href":"https:\/\/www.kathtreff.org\/blog\/wp-json\/wp\/v2\/posts"}],"about":[{"href":"https:\/\/www.kathtreff.org\/blog\/wp-json\/wp\/v2\/types\/post"}],"author":[{"embeddable":true,"href":"https:\/\/www.kathtreff.org\/blog\/wp-json\/wp\/v2\/users\/2"}],"replies":[{"embeddable":true,"href":"https:\/\/www.kathtreff.org\/blog\/wp-json\/wp\/v2\/comments?post=1064"}],"version-history":[{"count":3,"href":"https:\/\/www.kathtreff.org\/blog\/wp-json\/wp\/v2\/posts\/1064\/revisions"}],"predecessor-version":[{"id":3013,"href":"https:\/\/www.kathtreff.org\/blog\/wp-json\/wp\/v2\/posts\/1064\/revisions\/3013"}],"wp:featuredmedia":[{"embeddable":true,"href":"https:\/\/www.kathtreff.org\/blog\/wp-json\/wp\/v2\/media\/3015"}],"wp:attachment":[{"href":"https:\/\/www.kathtreff.org\/blog\/wp-json\/wp\/v2\/media?parent=1064"}],"wp:term":[{"taxonomy":"category","embeddable":true,"href":"https:\/\/www.kathtreff.org\/blog\/wp-json\/wp\/v2\/categories?post=1064"},{"taxonomy":"post_tag","embeddable":true,"href":"https:\/\/www.kathtreff.org\/blog\/wp-json\/wp\/v2\/tags?post=1064"},{"taxonomy":"promotion","embeddable":true,"href":"https:\/\/www.kathtreff.org\/blog\/wp-json\/wp\/v2\/promotion?post=1064"}],"curies":[{"name":"wp","href":"https:\/\/api.w.org\/{rel}","templated":true}]}}